{"id":2959973,"date":"2023-07-25T06:44:04","date_gmt":"2023-07-25T13:44:04","guid":{"rendered":"https:\/\/agpnoticias.com\/news\/?p=2959973"},"modified":"2023-07-25T06:44:07","modified_gmt":"2023-07-25T13:44:07","slug":"murio-el-empresario-alejandro-marti","status":"publish","type":"post","link":"https:\/\/agpnoticias.com\/news\/?p=2959973","title":{"rendered":"Muri\u00f3 el empresario Alejandro Mart\u00ed"},"content":{"rendered":"\n<p><strong>Ciudad de M\u00e9xico.- Alejandro Mart\u00ed<\/strong>, empresario, fil\u00e1ntropo y fundador de la organizaci\u00f3n <strong>M\u00e9xico SOS<\/strong>, muri\u00f3 a los 73 a\u00f1os de edad.<\/p>\n<p><strong>Mart\u00ed<\/strong>, due\u00f1o de las empresas de art\u00edculos deportivos <strong>Mart\u00ed<\/strong>, cobr\u00f3 relevancia en el \u00e1mbito nacional despu\u00e9s de que su hijo Fernando fuera <strong>secuestrado<\/strong>.<\/p>\n<p>Fue en junio de 2008 cuando\u00a0<strong>Fernando<\/strong>, de 14 a\u00f1os de edad, fue\u00a0<strong>secuestrado<\/strong>\u00a0mientras se dirig\u00eda a la secundaria. Al cabo de 53 d\u00edas fue hallado\u00a0<strong>muerto<\/strong>\u00a0al interior de la cajuela de un auto abandonado en Coyoac\u00e1n.<\/p>\n<p>Dos a\u00f1os despu\u00e9s, en 2010, fue\u00a0<strong>detenido <\/strong>\u2018<strong>El Frank<\/strong>\u2018, uno de los involucrados en el caso, quien de acuerdo con investigaciones se encarg\u00f3 de ubicar el domicilio de Fernando Mart\u00ed, vigilar su rutina diaria e informar la ruta seguida por su chofer hacia su escuela.<\/p>\n<p>Tras la muerte de su hijo, Mart\u00ed asegur\u00f3 que dedicar\u00eda el resto de su vida a luchar por un M\u00e9xico m\u00e1s seguro, por lo que parte de su atenci\u00f3n se desplaz\u00f3 al<strong> Sistema de Observaci\u00f3n para la Seguridad Ciudadana<\/strong> (SOS).<\/p>\n<p>Desde ese momento, Mart\u00ed se convirti\u00f3 en un referente del <strong>activismo<\/strong> en M\u00e9xico y una figura que, constantemente cuestion\u00f3 el actuar de las autoridades responsables de la seguridad en el pa\u00eds.<\/p>\n<p>\u00a0<\/p>\n<p>\u00a0<\/p>\n","protected":false},"excerpt":{"rendered":"","protected":false},"author":1,"featured_media":2959974,"comment_status":"closed","ping_status":"closed","sticky":false,"template":"","format":"standard","meta":{"footnotes":""},"categories":[1],"tags":[],"class_list":["post-2959973","post","type-post","status-publish","format-standard","has-post-thumbnail","hentry","category-uncategorized"],"_links":{"self":[{"href":"https:\/\/agpnoticias.com\/news\/index.php?rest_route=\/wp\/v2\/posts\/2959973","targetHints":{"allow":["GET"]}}],"collection":[{"href":"https:\/\/agpnoticias.com\/news\/index.php?rest_route=\/wp\/v2\/posts"}],"about":[{"href":"https:\/\/agpnoticias.com\/news\/index.php?rest_route=\/wp\/v2\/types\/post"}],"author":[{"embeddable":true,"href":"https:\/\/agpnoticias.com\/news\/index.php?rest_route=\/wp\/v2\/users\/1"}],"replies":[{"embeddable":true,"href":"https:\/\/agpnoticias.com\/news\/index.php?rest_route=%2Fwp%2Fv2%2Fcomments&post=2959973"}],"version-history":[{"count":1,"href":"https:\/\/agpnoticias.com\/news\/index.php?rest_route=\/wp\/v2\/posts\/2959973\/revisions"}],"predecessor-version":[{"id":2959975,"href":"https:\/\/agpnoticias.com\/news\/index.php?rest_route=\/wp\/v2\/posts\/2959973\/revisions\/2959975"}],"wp:featuredmedia":[{"embeddable":true,"href":"https:\/\/agpnoticias.com\/news\/index.php?rest_route=\/wp\/v2\/media\/2959974"}],"wp:attachment":[{"href":"https:\/\/agpnoticias.com\/news\/index.php?rest_route=%2Fwp%2Fv2%2Fmedia&parent=2959973"}],"wp:term":[{"taxonomy":"category","embeddable":true,"href":"https:\/\/agpnoticias.com\/news\/index.php?rest_route=%2Fwp%2Fv2%2Fcategories&post=2959973"},{"taxonomy":"post_tag","embeddable":true,"href":"https:\/\/agpnoticias.com\/news\/index.php?rest_route=%2Fwp%2Fv2%2Ftags&post=2959973"}],"curies":[{"name":"wp","href":"https:\/\/api.w.org\/{rel}","templated":true}]}}