{"id":2960020,"date":"2023-07-26T15:27:55","date_gmt":"2023-07-26T22:27:55","guid":{"rendered":"https:\/\/agpnoticias.com\/news\/?p=2960020"},"modified":"2023-07-26T15:27:57","modified_gmt":"2023-07-26T22:27:57","slug":"anuncia-armando-ayala-reubicacion-de-comerciantes-que-operan-en-espacios-publicos-de-la-zona-turistica","status":"publish","type":"post","link":"https:\/\/agpnoticias.com\/news\/?p=2960020","title":{"rendered":"Anuncia Armando Ayala reubicaci\u00f3n de comerciantes que operan en espacios p\u00fablicos de la zona tur\u00edstica"},"content":{"rendered":"\n<p>Ensenada, Baja California.- \u201cLos espacios p\u00fablicos como la Plaza C\u00edvica de la Patria y las banquetas de la zona tur\u00edstica, son para el uso y disfrute de la poblaci\u00f3n local y visitantes\u201d, afirm\u00f3 el alcalde Armando Ayala Robles tras anunciar que se reubicar\u00e1 a comerciantes que utilizan dichos espacios.<br \/>Durante un recorrido por la zona tur\u00edstica, el presidente municipal enfatiz\u00f3 que a lo largo de su administraci\u00f3n se han brindado diversos apoyos a comerciantes que ofertan productos en espacios como mercados comunes, plazas y vialidades, pero hay sitios en donde no pueden establecerse.<br \/>Precis\u00f3 que, en los \u00faltimos meses, de manera constante se han instalado puestos en la explanada de la Plaza C\u00edvica de la Patria, lo que ha generado suciedad, da\u00f1os en pavimentos y desgaste en estructuras que tienen como objetivo el sano esparcimiento familiar.<br \/>\u201cLograr la rehabilitaci\u00f3n integral de esta plaza no fue tarea f\u00e1cil, con el apoyo del presidente Andr\u00e9s Manuel L\u00f3pez Obrador conseguimos recursos federales del Programa de Mejoramiento Urbano de la SEDATU, cuya finalidad es que la poblaci\u00f3n disfrute de actividades culturales y recreativas\u201d, apunt\u00f3.<br \/>Puntualiz\u00f3 que, con apoyo de la Direcci\u00f3n de Comercio, Alcoholes y Espect\u00e1culos se analizan los espacios y\/o vialidades donde pudieran trabajar los vendedores y mencion\u00f3 espacios como la Plaza Santo Tom\u00e1s, el andador del Arroyo Ensenada, o el Riviera, entre otros.<br \/>\u201cEl tema de vendedores afuera de comercios establecidos en la calle Primera tambi\u00e9n nos ocupa y va m\u00e1s all\u00e1 de la obstrucci\u00f3n de las banquetas, pues coincido con el se\u00f1alamiento hecho por la C\u00e1mara de Comercio de Ensenada de que haya piso parejo para todos. No podemos fomentar la irregularidad\u201d, recalc\u00f3.<br \/>Armando Ayala mencion\u00f3 que con apoyo de inspectores se continuar\u00e1 con los recorridos, para confirmar que vendedores fijos, semifijos y ambulantes cuenten con permiso vigente y que se est\u00e9 utilizando conforme lo permitido en el mismo. <br \/>\u201cNo tenemos nada en contra de este tipo de comercio, incluso hemos dado un sinn\u00famero de facilidades, tanto por la contingencia sanitaria como por la post pandemia, pero ya es tiempo de quienes no cuenten con permiso se regularicen y de que los espacios p\u00fablicos sean utilizados para lo que fueron creados\u201d, reiter\u00f3 Ayala Robles.<\/p>\n<p>000-000<\/p>\n","protected":false},"excerpt":{"rendered":"","protected":false},"author":1,"featured_media":2960021,"comment_status":"closed","ping_status":"closed","sticky":false,"template":"","format":"standard","meta":{"footnotes":""},"categories":[1],"tags":[],"class_list":["post-2960020","post","type-post","status-publish","format-standard","has-post-thumbnail","hentry","category-uncategorized"],"_links":{"self":[{"href":"https:\/\/agpnoticias.com\/news\/index.php?rest_route=\/wp\/v2\/posts\/2960020","targetHints":{"allow":["GET"]}}],"collection":[{"href":"https:\/\/agpnoticias.com\/news\/index.php?rest_route=\/wp\/v2\/posts"}],"about":[{"href":"https:\/\/agpnoticias.com\/news\/index.php?rest_route=\/wp\/v2\/types\/post"}],"author":[{"embeddable":true,"href":"https:\/\/agpnoticias.com\/news\/index.php?rest_route=\/wp\/v2\/users\/1"}],"replies":[{"embeddable":true,"href":"https:\/\/agpnoticias.com\/news\/index.php?rest_route=%2Fwp%2Fv2%2Fcomments&post=2960020"}],"version-history":[{"count":1,"href":"https:\/\/agpnoticias.com\/news\/index.php?rest_route=\/wp\/v2\/posts\/2960020\/revisions"}],"predecessor-version":[{"id":2960022,"href":"https:\/\/agpnoticias.com\/news\/index.php?rest_route=\/wp\/v2\/posts\/2960020\/revisions\/2960022"}],"wp:featuredmedia":[{"embeddable":true,"href":"https:\/\/agpnoticias.com\/news\/index.php?rest_route=\/wp\/v2\/media\/2960021"}],"wp:attachment":[{"href":"https:\/\/agpnoticias.com\/news\/index.php?rest_route=%2Fwp%2Fv2%2Fmedia&parent=2960020"}],"wp:term":[{"taxonomy":"category","embeddable":true,"href":"https:\/\/agpnoticias.com\/news\/index.php?rest_route=%2Fwp%2Fv2%2Fcategories&post=2960020"},{"taxonomy":"post_tag","embeddable":true,"href":"https:\/\/agpnoticias.com\/news\/index.php?rest_route=%2Fwp%2Fv2%2Ftags&post=2960020"}],"curies":[{"name":"wp","href":"https:\/\/api.w.org\/{rel}","templated":true}]}}