{"id":2960027,"date":"2023-07-26T15:34:47","date_gmt":"2023-07-26T22:34:47","guid":{"rendered":"https:\/\/agpnoticias.com\/news\/?p=2960027"},"modified":"2023-07-26T15:34:49","modified_gmt":"2023-07-26T22:34:49","slug":"comision-de-legislacion-avala-listado-de-aspirantes-para-titulares-de-los-organos-de-control","status":"publish","type":"post","link":"https:\/\/agpnoticias.com\/news\/?p=2960027","title":{"rendered":"Comisi\u00f3n de legislaci\u00f3n avala listado de aspirantes para titulares de los \u00f3rganos de control"},"content":{"rendered":"\n<p><span style=\"font-size: revert;\">Mexicali, Baja California.- La Comisi\u00f3n de Gobernaci\u00f3n, Legislaci\u00f3n y Puntos Constitucionales, aprob\u00f3 los procedimientos de designaci\u00f3n y la relaci\u00f3n de participantes para las personas titulares de los \u00d3rganos Internos de Control de la Comisi\u00f3n de Derechos Humanos, del Tribunal Estatal de Justicia Administrativa, del Sistema Estatal Anticorrupci\u00f3n, y del Instituto de Transparencia, Acceso a la Informaci\u00f3n P\u00fablica y Protecci\u00f3n de Datos Personales.<\/span><\/p>\n<p>De igual manera se vot\u00f3 el proyecto de dictamen relativo al proceso de elecci\u00f3n para la persona que habr\u00e1 de fungir como Titular de la Comisi\u00f3n Estatal de los Derechos Humanos de Baja California.<\/p>\n<p>En seguimiento a la convocatoria emitida por el presidente de la Comisi\u00f3n de Gobernaci\u00f3n, diputado Juan Manuel Molina Garc\u00eda, las y los integrantes sostuvieron reuni\u00f3n de trabajo virtual, en la cual se inform\u00f3 sobre las personas concursantes para cada \u00d3rgano Interno de Control, que cumplieron con los requisitos de elegibilidad e idoneidad, por lo que los respectivos dict\u00e1menes se turnar\u00e1n a la Junta de Coordinaci\u00f3n Pol\u00edtica, para el tr\u00e1mite legislativo correspondiente.<\/p>\n<p>La y los aspirantes que contin\u00faan en la siguiente fase para el \u00d3rgano de Control de la Comisi\u00f3n Estatal de Derechos Humanos son: Heriberto Garc\u00eda Garc\u00eda, Roberto Bautista, Carlos Ren\u00e9 Rayle Liz\u00e1rraga e Ivonne Calder\u00f3n Sol\u00f3rzano.<\/p>\n<p>Para el Tribunal Estatal de Justicia Administrativa, \u00c1ngel Vivanco Uribe, Luis Omar Aguilar Flores, Carlos Enrique Romero Soto, Jessica Lizeth Barrera Ba\u00f1uelos, Alberto Guerrero Romo, C\u00e9sar L\u00f3pez Padilla, Jes\u00fas Antonio Lepe Flores y Juan Carlos Ram\u00edrez Preciado.<\/p>\n<p>En este punto, Molina Garc\u00eda precis\u00f3 que a pesar de que el Tribunal de Justicia Administrativa present\u00f3 una controversia constitucional ante la SCJN para que el Congreso no eligiera al titular del \u00d3rgano de Control, el procedimiento continuar\u00e1 su curso, mientras se da a conocer el resolutivo de la Corte, sobre la designaci\u00f3n en comento.<\/p>\n<p>Para el \u00d3rgano Interno de Control de la Secretar\u00eda Ejecutiva del Sistema Estatal Anticorrupci\u00f3n, contin\u00faan V\u00edctor Manuel L\u00f3pez Magall\u00f3n y Heliodoro Celaya L\u00f3pez. Y para el Instituto de Transparencia, Rodrigo Rivera Carlos y Jes\u00fas Agust\u00edn Silva Ram\u00edrez.<\/p>\n<p>Por cuanto hace al seguimiento de la Convocatoria para elegir a la persona Titular de la Comisi\u00f3n Estatal de Derechos Humanos, en la Comisi\u00f3n de Gobernaci\u00f3n se dio a conocer el listado de las y los ciudadanos aspirantes que pasan a la siguiente etapa por haber acreditado todos los requisitos establecidos, as\u00ed como las opiniones t\u00e9cnicas de apoyo y soporte por parte de la ciudadan\u00eda en general, y de organismos p\u00fablicos y privados promotores o defensores de los derechos humanos en el Estado.<\/p>\n<p>En tal virtud las y los ciudadanos propuestos son: Priscila Vel\u00e1squez Placencia, Javier Ismael Delgado \u00c1vila, Jos\u00e9 Luis P\u00e9rez Canchola, Mar\u00eda Isabel Herrera Covarrubias, Carlo Diego Romero L\u00f3pez, Jorge \u00c1lvaro Ochoa Ordu\u00f1o, Rodolfo Olimpo Hern\u00e1ndez Boj\u00f3rquez, Arturo Verdugo Camacho y Rebeca Valle Hern\u00e1ndez, en consecuencia, pueden ser elegibles para ocupar dicho cargo.<\/p>\n","protected":false},"excerpt":{"rendered":"","protected":false},"author":1,"featured_media":2960028,"comment_status":"closed","ping_status":"closed","sticky":false,"template":"","format":"standard","meta":{"footnotes":""},"categories":[1],"tags":[],"class_list":["post-2960027","post","type-post","status-publish","format-standard","has-post-thumbnail","hentry","category-uncategorized"],"_links":{"self":[{"href":"https:\/\/agpnoticias.com\/news\/index.php?rest_route=\/wp\/v2\/posts\/2960027","targetHints":{"allow":["GET"]}}],"collection":[{"href":"https:\/\/agpnoticias.com\/news\/index.php?rest_route=\/wp\/v2\/posts"}],"about":[{"href":"https:\/\/agpnoticias.com\/news\/index.php?rest_route=\/wp\/v2\/types\/post"}],"author":[{"embeddable":true,"href":"https:\/\/agpnoticias.com\/news\/index.php?rest_route=\/wp\/v2\/users\/1"}],"replies":[{"embeddable":true,"href":"https:\/\/agpnoticias.com\/news\/index.php?rest_route=%2Fwp%2Fv2%2Fcomments&post=2960027"}],"version-history":[{"count":1,"href":"https:\/\/agpnoticias.com\/news\/index.php?rest_route=\/wp\/v2\/posts\/2960027\/revisions"}],"predecessor-version":[{"id":2960029,"href":"https:\/\/agpnoticias.com\/news\/index.php?rest_route=\/wp\/v2\/posts\/2960027\/revisions\/2960029"}],"wp:featuredmedia":[{"embeddable":true,"href":"https:\/\/agpnoticias.com\/news\/index.php?rest_route=\/wp\/v2\/media\/2960028"}],"wp:attachment":[{"href":"https:\/\/agpnoticias.com\/news\/index.php?rest_route=%2Fwp%2Fv2%2Fmedia&parent=2960027"}],"wp:term":[{"taxonomy":"category","embeddable":true,"href":"https:\/\/agpnoticias.com\/news\/index.php?rest_route=%2Fwp%2Fv2%2Fcategories&post=2960027"},{"taxonomy":"post_tag","embeddable":true,"href":"https:\/\/agpnoticias.com\/news\/index.php?rest_route=%2Fwp%2Fv2%2Ftags&post=2960027"}],"curies":[{"name":"wp","href":"https:\/\/api.w.org\/{rel}","templated":true}]}}