{"id":2960263,"date":"2023-08-01T14:47:13","date_gmt":"2023-08-01T21:47:13","guid":{"rendered":"https:\/\/agpnoticias.com\/news\/?p=2960263"},"modified":"2023-08-01T14:47:17","modified_gmt":"2023-08-01T21:47:17","slug":"cavani-presentado-por-boca-juniors","status":"publish","type":"post","link":"https:\/\/agpnoticias.com\/news\/?p=2960263","title":{"rendered":"Cavani presentado por Boca Juniors"},"content":{"rendered":"\n<p>Buenos Aires, Argentina.- Boca Juniors sum\u00f3 una pieza de jerarqu\u00eda para lo que se viene. Edinson Cavani fue presentado en conferencia de prensa junto a Jorge Ameal y Marcelo Delgado, por lo que estar\u00e1 a las \u00f3rdenes de Jorge Almir\u00f3n de cara a los pr\u00f3ximos compromisos.<\/p>\n<p>A modo de apertura, Ameal sostuvo: \u201cGracias por venir, por estar con nosotros, much\u00edsimas gracias. Esto es una felicidad total, no quiero olvidarme de una persona muy importante que fue Rom\u00e1n. Hizo mucho por esta operaci\u00f3n y para que hoy tengamos una alegr\u00eda inmensa\u201d.<\/p>\n<p>En sus primeras palabras como Xeneize, Cavani afirm\u00f3: \u201cHab\u00eda muchas cosas que reun\u00edan el deseo de poder volver, ten\u00eda ganas de estar cerca de casa y creo que no hay pa\u00eds tan parecido al m\u00edo como Argentina ni club como Boca para hacer mis \u00faltimos pasos de la carrera. Esto es una responsabilidad muy grande, como siempre he tenido en mi carrera\u201d.<\/p>\n<p>Luego, el goleador manifest\u00f3: \u201cEn Valencia ven\u00eda hablando con mis hijos. Abrieron los ojos cuando les dije de la chance de Boca. Sab\u00edan perfectamente lo que representa Boca. Ven\u00edamos viajando, cantando alguna canci\u00f3n, presintiendo lo que pueden encontrarse ac\u00e1. Que est\u00e9n ac\u00e1, que vean lo que es el club, la dimensi\u00f3n. Que lo puedan vivir eso va a ser imborrable\u201d.<\/p>\n<p>Por \u00faltimo, el delantero indic\u00f3: \u201cVoy a reunirme con el cuerpo t\u00e9cnico y dem\u00e1s y se tomar\u00e1 la mejor decisi\u00f3n para lo que viene. Estas son las primeras horas en Buenos Aires y en esta casa. De a poco, empezar\u00e9 a conversar y juntarme con toda la gente del club para tomar las mejores decisiones\u201d.<\/p>\n<p><em>Informaci\u00f3n: Boca Juniors.<\/em><\/p>\n\n\n","protected":false},"excerpt":{"rendered":"","protected":false},"author":1,"featured_media":2960268,"comment_status":"closed","ping_status":"closed","sticky":false,"template":"","format":"standard","meta":{"footnotes":""},"categories":[32,1144,1151],"tags":[907],"class_list":["post-2960263","post","type-post","status-publish","format-standard","has-post-thumbnail","hentry","category-soccer","category-futbol-internacional","category-portada","tag-tendencia"],"_links":{"self":[{"href":"https:\/\/agpnoticias.com\/news\/index.php?rest_route=\/wp\/v2\/posts\/2960263","targetHints":{"allow":["GET"]}}],"collection":[{"href":"https:\/\/agpnoticias.com\/news\/index.php?rest_route=\/wp\/v2\/posts"}],"about":[{"href":"https:\/\/agpnoticias.com\/news\/index.php?rest_route=\/wp\/v2\/types\/post"}],"author":[{"embeddable":true,"href":"https:\/\/agpnoticias.com\/news\/index.php?rest_route=\/wp\/v2\/users\/1"}],"replies":[{"embeddable":true,"href":"https:\/\/agpnoticias.com\/news\/index.php?rest_route=%2Fwp%2Fv2%2Fcomments&post=2960263"}],"version-history":[{"count":1,"href":"https:\/\/agpnoticias.com\/news\/index.php?rest_route=\/wp\/v2\/posts\/2960263\/revisions"}],"predecessor-version":[{"id":2960269,"href":"https:\/\/agpnoticias.com\/news\/index.php?rest_route=\/wp\/v2\/posts\/2960263\/revisions\/2960269"}],"wp:featuredmedia":[{"embeddable":true,"href":"https:\/\/agpnoticias.com\/news\/index.php?rest_route=\/wp\/v2\/media\/2960268"}],"wp:attachment":[{"href":"https:\/\/agpnoticias.com\/news\/index.php?rest_route=%2Fwp%2Fv2%2Fmedia&parent=2960263"}],"wp:term":[{"taxonomy":"category","embeddable":true,"href":"https:\/\/agpnoticias.com\/news\/index.php?rest_route=%2Fwp%2Fv2%2Fcategories&post=2960263"},{"taxonomy":"post_tag","embeddable":true,"href":"https:\/\/agpnoticias.com\/news\/index.php?rest_route=%2Fwp%2Fv2%2Ftags&post=2960263"}],"curies":[{"name":"wp","href":"https:\/\/api.w.org\/{rel}","templated":true}]}}