{"id":2960311,"date":"2023-08-02T14:30:47","date_gmt":"2023-08-02T21:30:47","guid":{"rendered":"https:\/\/agpnoticias.com\/news\/?p=2960311"},"modified":"2023-08-02T14:30:55","modified_gmt":"2023-08-02T21:30:55","slug":"diputada-rocio-adame-informa-sobre-mesas-de-trabajo-para-ley-en-materia-de-desaparicion-forzada","status":"publish","type":"post","link":"https:\/\/agpnoticias.com\/news\/?p=2960311","title":{"rendered":"Diputada Roci\u00f3 Adame informa sobre mesas de trabajo para ley en materia de desaparici\u00f3n forzada"},"content":{"rendered":"\n<p><span style=\"font-size: revert;\">Mexicali, Baja California .- La diputada Roc\u00edo Adame Mu\u00f1oz, presidenta de la Comisi\u00f3n de Reforma de Estado y Jurisdiccional, present\u00f3 ante el Pleno del Congreso un posicionamiento referente a los resultados de las Mesas de Trabajo para la creaci\u00f3n de una Ley de Desaparici\u00f3n de Personas en el Estado de Baja California, realizadas los d\u00edas 07, 08, 09 y 10 de julio del presente a\u00f1o, con colectivos, v\u00edctimas y organizaciones internacionales.<\/span><\/p>\n<p>La legisladora indic\u00f3 que la creaci\u00f3n de dicha ley es una necesidad urgente y prioritaria, en especial en una entidad como Baja California que ha sido afectada por este tipo de violencia de manera significativa.<\/p>\n<p>La desaparici\u00f3n de personas es un crimen de lesa humanidad que atenta directamente contra los derechos fundamentales de las personas y contraviene los principios b\u00e1sicos de justicia y dignidad.<\/p>\n<p>Refiri\u00f3 que la Comisi\u00f3n de Reforma de Estado y Jurisdiccional, encabez\u00f3 estas mesas de trabajo que se llevaron a cabo en CEART de los municipios de Mexicali, Ensenada y Tijuana, en las que se abord\u00f3 de manera integral este problema y aportaron observaciones trascendentales al Proyecto de Dictamen para crear la Ley de Desaparici\u00f3n de Personas para el estado, buscado soluciones acordes a la realidad y las necesidades espec\u00edficas, estableciendo un di\u00e1logo abierto y constructivo con las v\u00edctimas, escuchando sus testimonios, atendiendo sus demandas y tomando en cuenta sus necesidades particulares.<\/p>\n<p>Hizo hincapi\u00e9 que en todas las sedes se cont\u00f3 con el apoyo del personal de Diputadas y Diputados integrantes de esta Legislatura, con lo que se refrenda el compromiso de esta XXIV Legislatura en este reto de suma importancia.<\/p>\n<p>\u201cComo resultado de estas mesas de trabajo, se ha logrado avanzar en la creaci\u00f3n de esta ley para que cuente con mecanismos eficaces para la b\u00fasqueda, investigaci\u00f3n, sanci\u00f3n y reparaci\u00f3n integral del da\u00f1o a las v\u00edctimas. Se busca establecer un marco legal s\u00f3lido que permita la coordinaci\u00f3n entre las distintas instancias de gobierno y las organizaciones de la sociedad civil, adem\u00e1s de garantizar la participaci\u00f3n activa de familiares de las v\u00edctimas en todo el proceso\u201d.<\/p>\n<p>Agradeci\u00f3 a las representaciones de colectivos, v\u00edctimas y organizaciones internacionales por la participaci\u00f3n en las mesas de trabajo, a la Gobernadora del Estado, Mtra. Marina del Pilar \u00c1vila Olmeda, que por conducto de la Secretar\u00eda de Cultura del Estado, a cargo de la Lic. Alma Delia Abrego Ceballos, brindaran instalaciones dignas para el desarrollo de las mesas de trabajo, as\u00ed como tambi\u00e9n al Secretario de Salud, Dr. Jos\u00e9 Adri\u00e1n Medina Amarillas, por el apoyo con personal profesional para atender cualquier contingencia, as\u00ed tambi\u00e9n a la Directora General de INMUJER BC, Mtra. Karla Jannette Pedr\u00edn Rembao, por la asistencia permanente de personal profesional en Psicolog\u00eda en las sedes.<\/p>\n","protected":false},"excerpt":{"rendered":"","protected":false},"author":1,"featured_media":2960312,"comment_status":"closed","ping_status":"closed","sticky":false,"template":"","format":"standard","meta":{"footnotes":""},"categories":[1],"tags":[],"class_list":["post-2960311","post","type-post","status-publish","format-standard","has-post-thumbnail","hentry","category-uncategorized"],"_links":{"self":[{"href":"https:\/\/agpnoticias.com\/news\/index.php?rest_route=\/wp\/v2\/posts\/2960311","targetHints":{"allow":["GET"]}}],"collection":[{"href":"https:\/\/agpnoticias.com\/news\/index.php?rest_route=\/wp\/v2\/posts"}],"about":[{"href":"https:\/\/agpnoticias.com\/news\/index.php?rest_route=\/wp\/v2\/types\/post"}],"author":[{"embeddable":true,"href":"https:\/\/agpnoticias.com\/news\/index.php?rest_route=\/wp\/v2\/users\/1"}],"replies":[{"embeddable":true,"href":"https:\/\/agpnoticias.com\/news\/index.php?rest_route=%2Fwp%2Fv2%2Fcomments&post=2960311"}],"version-history":[{"count":1,"href":"https:\/\/agpnoticias.com\/news\/index.php?rest_route=\/wp\/v2\/posts\/2960311\/revisions"}],"predecessor-version":[{"id":2960313,"href":"https:\/\/agpnoticias.com\/news\/index.php?rest_route=\/wp\/v2\/posts\/2960311\/revisions\/2960313"}],"wp:featuredmedia":[{"embeddable":true,"href":"https:\/\/agpnoticias.com\/news\/index.php?rest_route=\/wp\/v2\/media\/2960312"}],"wp:attachment":[{"href":"https:\/\/agpnoticias.com\/news\/index.php?rest_route=%2Fwp%2Fv2%2Fmedia&parent=2960311"}],"wp:term":[{"taxonomy":"category","embeddable":true,"href":"https:\/\/agpnoticias.com\/news\/index.php?rest_route=%2Fwp%2Fv2%2Fcategories&post=2960311"},{"taxonomy":"post_tag","embeddable":true,"href":"https:\/\/agpnoticias.com\/news\/index.php?rest_route=%2Fwp%2Fv2%2Ftags&post=2960311"}],"curies":[{"name":"wp","href":"https:\/\/api.w.org\/{rel}","templated":true}]}}