{"id":2960348,"date":"2023-08-03T13:22:15","date_gmt":"2023-08-03T20:22:15","guid":{"rendered":"https:\/\/agpnoticias.com\/news\/?p=2960348"},"modified":"2023-08-03T13:22:28","modified_gmt":"2023-08-03T20:22:28","slug":"jorge-angel-gomez-prepara-en-alemania-ciclo-internacional","status":"publish","type":"post","link":"https:\/\/agpnoticias.com\/news\/?p=2960348","title":{"rendered":"Jorge \u00c1ngel G\u00f3mez prepara en Alemania ciclo internacional"},"content":{"rendered":"\n\n\n<p>Ensenada, Baja California.- Con el objetivo de continuar siendo de los mejores atletas de luchas asociadas de M\u00e9xico, adem\u00e1s de aprender diferentes detalles competitivos y lograr formar parte de la selecci\u00f3n mexicana en pr\u00f3ximos eventos internacionales, el talento bajacaliforniano Jorge \u00c1ngel G\u00f3mez Garc\u00eda, se prepar\u00f3 durante tres semanas con el equipo RKG Freiburg 2000 en la ciudad de Freiburg, Alemania. <\/p>\n<p>El Centro Ol\u00edmpico de Freiburg fue donde el ensenadense entren\u00f3 de lunes a viernes junto al mencionado equipo, el cual cuenta en sus filas con medallistas de campeonatos europeos y mundiales. \u00a0<\/p>\n<p>\u201cTuve la oportunidad de entrenar con el equipo de la ciudad y fue una experiencia incre\u00edble, tienen much\u00edsimo nivel y aprend\u00ed demasiado para el corto tiempo que pas\u00e9 con ellos. Practiqu\u00e9 las modalidades de grecorromana y libre\u201d, coment\u00f3 Jorge \u00c1ngel.<\/p>\n<p>Tambi\u00e9n dijo, \u201cMe la pas\u00e9 muy bien y lo disfrut\u00e9 mucho, llegaban atletas de Francia, Rusia y \u00a0Estados Unidos a entrenar al mismo lugar. La concentraci\u00f3n me servir\u00e1 mucho para estar mejor preparado cuando me toque competir internacionalmente, este tipo de fogueos abre los ojos y nos hace ver el verdadero nivel que queremos alcanzar\u201d.<\/p>\n<p>En los Nacionales CONADE 2023, el atleta bajacaliforniano quien es dirigido por el entrenador del Instituto del Deporte y la Cultura F\u00edsica de Baja California,\u00a0Enrique\u00a0Guzm\u00e1n Guti\u00e9rrez\u00a0logr\u00f3 la medalla de plata, situaci\u00f3n que dijo haberlo tomado por sorpresa y alimentar su motivaci\u00f3n para superarse en el deporte. <\/p>\n<p>\u201cEn nacionales perd\u00ed \u00a0la final por un punto y no lo cre\u00eda porque me hab\u00eda estado preparando muy bien, fue una desilusi\u00f3n, pero as\u00ed es esto, a veces se gana y a veces se pierde, pero de todo se aprende. Me di cuenta de algunos errores que no deben volver a suceder, adem\u00e1s que no debo confiarme. Quiero ganar el pr\u00f3ximo Panamericano para estar en el Mundial, lo quiero y lo voy a cumplir\u201d, puntualiz\u00f3 Jorge \u00c1ngel G\u00f3mez.<\/p>\n<p><em>Informaci\u00f3n: INDEBC.<\/em><\/p>\n","protected":false},"excerpt":{"rendered":"","protected":false},"author":1,"featured_media":2960349,"comment_status":"closed","ping_status":"closed","sticky":false,"template":"","format":"standard","meta":{"footnotes":""},"categories":[73,1151],"tags":[907],"class_list":["post-2960348","post","type-post","status-publish","format-standard","has-post-thumbnail","hentry","category-deportebajacalifornia","category-portada","tag-tendencia"],"_links":{"self":[{"href":"https:\/\/agpnoticias.com\/news\/index.php?rest_route=\/wp\/v2\/posts\/2960348","targetHints":{"allow":["GET"]}}],"collection":[{"href":"https:\/\/agpnoticias.com\/news\/index.php?rest_route=\/wp\/v2\/posts"}],"about":[{"href":"https:\/\/agpnoticias.com\/news\/index.php?rest_route=\/wp\/v2\/types\/post"}],"author":[{"embeddable":true,"href":"https:\/\/agpnoticias.com\/news\/index.php?rest_route=\/wp\/v2\/users\/1"}],"replies":[{"embeddable":true,"href":"https:\/\/agpnoticias.com\/news\/index.php?rest_route=%2Fwp%2Fv2%2Fcomments&post=2960348"}],"version-history":[{"count":1,"href":"https:\/\/agpnoticias.com\/news\/index.php?rest_route=\/wp\/v2\/posts\/2960348\/revisions"}],"predecessor-version":[{"id":2960350,"href":"https:\/\/agpnoticias.com\/news\/index.php?rest_route=\/wp\/v2\/posts\/2960348\/revisions\/2960350"}],"wp:featuredmedia":[{"embeddable":true,"href":"https:\/\/agpnoticias.com\/news\/index.php?rest_route=\/wp\/v2\/media\/2960349"}],"wp:attachment":[{"href":"https:\/\/agpnoticias.com\/news\/index.php?rest_route=%2Fwp%2Fv2%2Fmedia&parent=2960348"}],"wp:term":[{"taxonomy":"category","embeddable":true,"href":"https:\/\/agpnoticias.com\/news\/index.php?rest_route=%2Fwp%2Fv2%2Fcategories&post=2960348"},{"taxonomy":"post_tag","embeddable":true,"href":"https:\/\/agpnoticias.com\/news\/index.php?rest_route=%2Fwp%2Fv2%2Ftags&post=2960348"}],"curies":[{"name":"wp","href":"https:\/\/api.w.org\/{rel}","templated":true}]}}