{"id":2960390,"date":"2023-08-03T23:26:09","date_gmt":"2023-08-04T06:26:09","guid":{"rendered":"https:\/\/agpnoticias.com\/news\/?p=2960390"},"modified":"2023-08-03T23:26:12","modified_gmt":"2023-08-04T06:26:12","slug":"propone-diputada-que-escuelas-privadas-en-baja-california-no-cobren-los-meses-de-vacaciones","status":"publish","type":"post","link":"https:\/\/agpnoticias.com\/news\/?p=2960390","title":{"rendered":"Propone diputada que escuelas privadas en Baja California no cobren los meses de vacaciones"},"content":{"rendered":"\n<p><span style=\"font-size: revert;\">Mexicali, Baja California.- Con la finalidad de que los planteles educativos particulares solamente cobren lo correspondiente a los meses que se\u00f1ala el calendario del ciclo escolar, la diputada morenista Araceli Geraldo N\u00fa\u00f1ez, present\u00f3 iniciativa de reforma al art\u00edculo 123 de la Ley de Educaci\u00f3n del Estado de Baja California.<\/span><\/p>\n<p>La educaci\u00f3n en M\u00e9xico es un derecho protegido en el art\u00edculo Tercero de la Constituci\u00f3n Federal, as\u00ed como en el art\u00edculo 120 de la Ley de Educaci\u00f3n del Estado de Baja California, por lo que explic\u00f3 que la pretensi\u00f3n legislativa es dejar en claro los alcances a los cobros por los servicios prestados, pero principalmente, la imposibilidad de cobrar por un servicio que no es otorgado por el particular en relaci\u00f3n a la educaci\u00f3n.<\/p>\n<p>Respecto a lo anterior, la legisladora refiri\u00f3 que estos casos han sido externados por la ciudadan\u00eda y asociaciones de madres y padres de familia, tanto de la ciudad de Mexicali como de Tijuana, donde le informaron que con base en el calendario escolar, los educandos reciben el servicio de educaci\u00f3n en todos sus niveles, de septiembre a junio, sin embargo los colegios particulares cobran el mes de julio y agosto, cuando los estudiantes ya no acuden a clases en esos meses, salvo unos cuantos d\u00edas y se cobra la mensualidad completa.<\/p>\n<p>Raz\u00f3n por la cual, considera que el cobro por un servicio no otorgado va m\u00e1s all\u00e1 y vulnera los apartados y la naturaleza plasmados en el numeral Tercero de la Carta Magna Federal, mismo que protege la educaci\u00f3n, por lo que el otorgarles esa posibilidad a los particulares, no conlleva dejarles el libre albedr\u00edo de realizar todos y cada uno de los cobros que signifiquen un incremento en su beneficio econ\u00f3mico, ya que la intenci\u00f3n de otorgarles a los particulares es darle la posibilidad a los estudiantes de tener m\u00e1s opciones donde puedan realizar sus estudios.<\/p>\n<p style=\"text-align: center;\">La iniciativa propone reformar el art\u00edculo 123, fracci\u00f3n XI, de la Ley de Educaci\u00f3n del Estado de Baja California, para adicionar que no soliciten pagos por colegiaturas de meses donde no se imparta el servicio de educaci\u00f3n seg\u00fan lo marque el calendario oficial, en cuyo caso, se pagar\u00e1 \u00fanicamente la parte proporcional en que acudan los alumnos a clases regulares.<\/p>\n","protected":false},"excerpt":{"rendered":"","protected":false},"author":1,"featured_media":2960391,"comment_status":"closed","ping_status":"closed","sticky":false,"template":"","format":"standard","meta":{"footnotes":""},"categories":[1],"tags":[],"class_list":["post-2960390","post","type-post","status-publish","format-standard","has-post-thumbnail","hentry","category-uncategorized"],"_links":{"self":[{"href":"https:\/\/agpnoticias.com\/news\/index.php?rest_route=\/wp\/v2\/posts\/2960390","targetHints":{"allow":["GET"]}}],"collection":[{"href":"https:\/\/agpnoticias.com\/news\/index.php?rest_route=\/wp\/v2\/posts"}],"about":[{"href":"https:\/\/agpnoticias.com\/news\/index.php?rest_route=\/wp\/v2\/types\/post"}],"author":[{"embeddable":true,"href":"https:\/\/agpnoticias.com\/news\/index.php?rest_route=\/wp\/v2\/users\/1"}],"replies":[{"embeddable":true,"href":"https:\/\/agpnoticias.com\/news\/index.php?rest_route=%2Fwp%2Fv2%2Fcomments&post=2960390"}],"version-history":[{"count":1,"href":"https:\/\/agpnoticias.com\/news\/index.php?rest_route=\/wp\/v2\/posts\/2960390\/revisions"}],"predecessor-version":[{"id":2960392,"href":"https:\/\/agpnoticias.com\/news\/index.php?rest_route=\/wp\/v2\/posts\/2960390\/revisions\/2960392"}],"wp:featuredmedia":[{"embeddable":true,"href":"https:\/\/agpnoticias.com\/news\/index.php?rest_route=\/wp\/v2\/media\/2960391"}],"wp:attachment":[{"href":"https:\/\/agpnoticias.com\/news\/index.php?rest_route=%2Fwp%2Fv2%2Fmedia&parent=2960390"}],"wp:term":[{"taxonomy":"category","embeddable":true,"href":"https:\/\/agpnoticias.com\/news\/index.php?rest_route=%2Fwp%2Fv2%2Fcategories&post=2960390"},{"taxonomy":"post_tag","embeddable":true,"href":"https:\/\/agpnoticias.com\/news\/index.php?rest_route=%2Fwp%2Fv2%2Ftags&post=2960390"}],"curies":[{"name":"wp","href":"https:\/\/api.w.org\/{rel}","templated":true}]}}