{"id":2960504,"date":"2023-08-07T11:09:00","date_gmt":"2023-08-07T18:09:00","guid":{"rendered":"https:\/\/agpnoticias.com\/news\/?p=2960504"},"modified":"2023-08-08T00:15:51","modified_gmt":"2023-08-08T07:15:51","slug":"cruz-azul-despide-a-tuca-ferretti","status":"publish","type":"post","link":"https:\/\/agpnoticias.com\/news\/?p=2960504","title":{"rendered":"Cruz Azul despide a Tuca Ferretti"},"content":{"rendered":"\n<p>Ciudad de M\u00e9xico.- Ricardo Ferretti fue despedido por primera vez en su prolongada trayectoria como entrenador.<\/p>\n<p>El Tuca fue destituido por Cruz Azul, equipo al que deja sin puntos en la Liga MX despu\u00e9s de tres jornadas correspondientes al torneo Apertura 2023.<\/p>\n<p>Adem\u00e1s finaliz\u00f3 su participaci\u00f3n en la Leagues Cup con derrota ante el Inter Miami, empate con el Atlanta United y ca\u00edda en penales ante el Charlotte por los dieciseisavos de final,<\/p>\n<p>\u201cLa instituci\u00f3n agradece toda la experiencia aportada a nuestros jugadores y el cari\u00f1o brindado a nuestra afici\u00f3n. Sabemos que su gran trayectoria y ense\u00f1anzas dejar\u00e1n una huella en futuras generaciones. Le deseamos \u00e9xito en futuros proyectos\u201d, public\u00f3 la directiva celeste.<\/p>\n<p>Ferretti lleg\u00f3 el torneo pasado, el Clausura 2023, cuando logr\u00f3 clasificar a Cruz Azul a la repesca como octavo, instancia en la que le elimin\u00f3 Atlas.<\/p>\n","protected":false},"excerpt":{"rendered":"","protected":false},"author":1,"featured_media":2960505,"comment_status":"closed","ping_status":"closed","sticky":false,"template":"","format":"standard","meta":{"footnotes":""},"categories":[32,1081,1151],"tags":[907],"class_list":["post-2960504","post","type-post","status-publish","format-standard","has-post-thumbnail","hentry","category-soccer","category-liga-mx","category-portada","tag-tendencia"],"_links":{"self":[{"href":"https:\/\/agpnoticias.com\/news\/index.php?rest_route=\/wp\/v2\/posts\/2960504","targetHints":{"allow":["GET"]}}],"collection":[{"href":"https:\/\/agpnoticias.com\/news\/index.php?rest_route=\/wp\/v2\/posts"}],"about":[{"href":"https:\/\/agpnoticias.com\/news\/index.php?rest_route=\/wp\/v2\/types\/post"}],"author":[{"embeddable":true,"href":"https:\/\/agpnoticias.com\/news\/index.php?rest_route=\/wp\/v2\/users\/1"}],"replies":[{"embeddable":true,"href":"https:\/\/agpnoticias.com\/news\/index.php?rest_route=%2Fwp%2Fv2%2Fcomments&post=2960504"}],"version-history":[{"count":1,"href":"https:\/\/agpnoticias.com\/news\/index.php?rest_route=\/wp\/v2\/posts\/2960504\/revisions"}],"predecessor-version":[{"id":2960506,"href":"https:\/\/agpnoticias.com\/news\/index.php?rest_route=\/wp\/v2\/posts\/2960504\/revisions\/2960506"}],"wp:featuredmedia":[{"embeddable":true,"href":"https:\/\/agpnoticias.com\/news\/index.php?rest_route=\/wp\/v2\/media\/2960505"}],"wp:attachment":[{"href":"https:\/\/agpnoticias.com\/news\/index.php?rest_route=%2Fwp%2Fv2%2Fmedia&parent=2960504"}],"wp:term":[{"taxonomy":"category","embeddable":true,"href":"https:\/\/agpnoticias.com\/news\/index.php?rest_route=%2Fwp%2Fv2%2Fcategories&post=2960504"},{"taxonomy":"post_tag","embeddable":true,"href":"https:\/\/agpnoticias.com\/news\/index.php?rest_route=%2Fwp%2Fv2%2Ftags&post=2960504"}],"curies":[{"name":"wp","href":"https:\/\/api.w.org\/{rel}","templated":true}]}}