{"id":2960627,"date":"2023-08-10T19:10:00","date_gmt":"2023-08-11T02:10:00","guid":{"rendered":"https:\/\/agpnoticias.com\/news\/?p=2960627"},"modified":"2023-08-11T00:15:59","modified_gmt":"2023-08-11T07:15:59","slug":"ratificado-jimmy-lozano-en-la-seleccion-nacional","status":"publish","type":"post","link":"https:\/\/agpnoticias.com\/news\/?p=2960627","title":{"rendered":"Ratificado Jimmy Lozano en la selecci\u00f3n nacional"},"content":{"rendered":"\n\n\n<p>Ciudad de M\u00e9xico.- Ivar Sisniega, presidente ejecutivo de la Federaci\u00f3n Mexicana de F\u00fatbol, ratific\u00f3 el d\u00eda de hoy a Jaime Arturo Lozano Esp\u00edn como el director t\u00e9cnico de la Selecci\u00f3n Nacional de M\u00e9xico, de cara a la Copa del Mundo de Norteam\u00e9rica.<\/p>\n<p>\u201cMe da mucho gusto comunicarles de manera oficial, y s\u00e9 que esto no ser\u00e1 ninguna sorpresa para la mayor\u00eda de ustedes, que hemos escogido a Jaime Lozano para encabezar el proyecto de la Selecci\u00f3n Nacional Mayor rumbo a la Copa del Mundo 2026\u201d, coment\u00f3 Ivar Sisniega.<\/p>\n<p>La decisi\u00f3n de la Federaci\u00f3n Mexicana de F\u00fatbol est\u00e1 sustentada en varios pilares que Sisniega explic\u00f3:<\/p>\n<p>\u201cEn primera instancia buscamos un t\u00e9cnico capaz, profesional y con gran sentido de responsabilidad que est\u00e9 totalmente comprometido con la tarea de llevar a nuestra Selecci\u00f3n al m\u00e1ximo nivel, que haya tenido resultados destacados en torneos de corta duraci\u00f3n y de alta exigencia. Para ello se requiere un t\u00e9cnico capaz de trabajar muchas horas al d\u00eda con su equipo y con una gran carga de presi\u00f3n en estos periodos cortos, estamos en un cambio generacional y la base del equipo con el que iniciamos el proceso hacia la Copa del Mundo 2026 son jugadores j\u00f3venes\u201d.<\/p>\n<p>Consider\u00f3 importante que el t\u00e9cnico nacional sepa trabajar con ellos y formarlos, d\u00e1ndoles la confianza y el soporte necesarios para que vayan creciendo y madurando en lo deportivo.<\/p>\n<p>\u201cEn este mismo sentido necesitamos un t\u00e9cnico que sea cercano y accesible a los jugadores, que tenga una buena comunicaci\u00f3n y que los sepa motivar y apoyar en momentos dif\u00edciles, sin descuidar la disciplina y orden que son indispensables para alcanzar buenos resultados. Un t\u00e9cnico que crea un buen grupo donde el jugador se sienta orgulloso de pertenecer, donde exista un di\u00e1logo abierto para que todos tengan la confianza de comunicarse entre s\u00ed y poder establecer un compromiso com\u00fan de todo el grupo. Buscamos tambi\u00e9n un t\u00e9cnico que sepa comunicar e implementar su filosof\u00eda de juego en pocas sesiones de trabajo y que su estilo de juego sea congruente con las caracter\u00edsticas de los jugadores que tenemos. Un entrenador cuyos equipos salgan a proponer los partidos y a buscar que nuestra selecci\u00f3n asuma un rol protag\u00f3nico\u201d, expuso Sisniega.<\/p>\n<p>Otro de los puntos importantes en el perfil, dijo, es que el cuerpo t\u00e9cnico sea abierto a trabajar con un equipo amplio de especialistas en lo mental, m\u00e9dico, nutricional y de an\u00e1lisis, para crear mejores condiciones de apoyo a los jugadores.<\/p>\n<p>\u201cBuscamos un t\u00e9cnico con una visi\u00f3n vanguardista del futbol, dispuesto a seguir aprendiendo y a rodearse de un equipo que lo fortalezca en el proyecto\u201d, expres\u00f3.<\/p>\n<p>Sisniega, afirm\u00f3 que Lozano re\u00fane las caracter\u00edsticas necesarias: ha tenido \u00e9xito y adem\u00e1s es un hombre accesible, sencillo y claro en su trato.<\/p>\n<p>\u201cHemos querido dar la confianza a un t\u00e9cnico mexicano. Es momento de reconocer que hay t\u00e9cnicos en M\u00e9xico que se han preparado y que merecen la oportunidad de dirigir a nuestra Selecci\u00f3n. Sentimos que por el momento en el que estamos, la mejor opci\u00f3n para el grupo es un t\u00e9cnico nacional que conozca profundamente nuestro f\u00fatbol y que lo conecte de la mejor manera con nuestro entorno. Pero, sobre todo es un t\u00e9cnico que se ha preparado, que tiene una gran capacidad de trabajo, un gran compromiso para afrontar este reto y que se merece esta oportunidad\u201d.<\/p>\n<p>El presidente ejecutivo de la FMF comparti\u00f3 que se tom\u00f3 en consideraci\u00f3n la opini\u00f3n de los futbolistas mexicanos para tomar la decisi\u00f3n final.<\/p>\n<p>\u201cSe ha especulado sobre la injerencia de los seleccionados nacionales en la toma de esta decisi\u00f3n, con toda franqueza les puedo decir que s\u00ed hablamos con los jugadores porque creemos que es importante su opini\u00f3n. Pero esto fue solo uno de los factores que consideramos para la designaci\u00f3n de Jaime Lozano\u201d, concluy\u00f3.<\/p>\n<p>Por su parte, Duilio Davino, director de Selecciones Mayores, explic\u00f3 lo del Consejo de Expertos y mencion\u00f3 quienes acompa\u00f1ar\u00e1n a Jaime en esta nueva aventura.<\/p>\n<p>\u201cEl Consejo de Expertos es un ente externo que est\u00e1 montando la Federaci\u00f3n Mexicana de Futbol para acompa\u00f1arnos en el proceso. Sin embargo, al interior tambi\u00e9n hemos decidido fortalecer el equipo de trabajo de Jaime Lozano para el d\u00eda a d\u00eda; Jimmy llega con un equipo de trabajo de cinco personas que lo acompa\u00f1aron durante la Copa Oro, y de mutuo acuerdo decidimos que vamos a fortalecer el cuerpo t\u00e9cnico con otros perfiles especializados, tanto auxiliares, preparaci\u00f3n f\u00edsica y trabajo en cancha\u00bb.<\/p>\n<p>Finalmente, Ricardo Antonio La Volpe, ex director t\u00e9cnico de la Selecci\u00f3n Nacional de M\u00e9xico, dio su punto de vista acerca de la elecci\u00f3n del nuevo estratega del equipo mexicano.<\/p>\n<p>\u201cYo creo que Jimmy gana la Copa Oro y tiene una gran ventaja, que conoce un 70% de los jugadores, conoce este medio, es mexicano, fue jugador de la selecci\u00f3n y creo que en estos momentos hay que darle oportunidad a los t\u00e9cnicos formados aqu\u00ed, hechos aqu\u00ed y que sean mexicanos\u201d, manifest\u00f3.<\/p>\n<p><strong>TAMBI\u00c9N DAVINO<\/strong><\/p>\n<p>Ivar Sisniega, presidente ejecutivo de la Federaci\u00f3n Mexicana de F\u00fatbol, ratific\u00f3 el d\u00eda de hoy a Duilio Davino como director deportivo de Selecciones Mayores Varoniles rumbo a la Copa del Mundo del 2026, en la que M\u00e9xico ser\u00e1 uno de los tres anfitriones de la justa mundialista.<\/p>\n<p>\u201cSu experiencia como jugador, como directivo, siempre exitoso en ambos roles, adem\u00e1s de su conocimiento del medio, su relaci\u00f3n con los jugadores, con el staff y cuerpo t\u00e9cnico, nos da la confianza de que ser\u00e1 un apoyo importante para encabezar este proyecto\u201d, manifest\u00f3 Ivar Sisniega.<\/p>\n<p>Y profundiz\u00f3 hablando de los motivos de la ratificaci\u00f3n: \u201cqueremos un director de Selecciones que sea cercano, accesible y que est\u00e9 muy al pendiente de todo lo que rodea a la selecci\u00f3n en el d\u00eda a d\u00eda, que tambi\u00e9n exija y que a todo el staff lo motive a actuar en grande y a dar lo mejor de si\u201d.<\/p>\n<p>Sisniega destac\u00f3 que comparte con Davino la misma visi\u00f3n en este nuevo comienzo de proyecto en Selecciones Nacionales.<\/p>\n<p>\u201cCompartimos la misma visi\u00f3n de un proyecto, que busca brindar todo el soporte al cuerpo t\u00e9cnico y jugadores para que puedan trabajar de la mejor manera y dar los mejores resultados. Por eso, le estamos dando la confianza, para liderear el grupo t\u00e9cnico en esta nueva etapa de Selecciones Nacionales\u201d.<\/p>\n<p>Dentro del proyecto, Duilio Davino estar\u00e1 a cargo de la Selecci\u00f3n Nacional de M\u00e9xico Mayor y de la Sub-23, buscando tener una baraja amplia de jugadores que puedan forma parte del equipo nacional.<\/p>\n<p>\u201cA partir de este momento, la Selecci\u00f3n Mayor y la Sub-23 coexistir\u00e1n en el mismo proyecto. Queremos lograr que la Selecci\u00f3n Nacional de M\u00e9xico tenga un abanico m\u00e1s amplio de posibilidades en cuesti\u00f3n de jugadores, con esto estaremos homologando procesos de trabajo para realmente pensar en el mediano plazo y as\u00ed poder desarrollar y consolidar jugadores y t\u00e9cnicos bajo una misma metodolog\u00eda\u201d<\/p>\n<p>Duilio Davino lleg\u00f3 a selecciones nacionales en el mes de mayo, siendo una pieza clave en el reciente verano, en el que el combinado mexicano conquist\u00f3 y trajo nuevamente a casa la Copa Oro.<\/p>\n<p><em>Informaci\u00f3n: Selecci\u00f3n Mexicana de Futbol.<\/em><\/p>\n","protected":false},"excerpt":{"rendered":"","protected":false},"author":1,"featured_media":2960628,"comment_status":"closed","ping_status":"closed","sticky":false,"template":"","format":"standard","meta":{"footnotes":""},"categories":[32,1151,1152,1149],"tags":[595],"class_list":["post-2960627","post","type-post","status-publish","format-standard","has-post-thumbnail","hentry","category-soccer","category-portada","category-editor-seleccion","category-seleccion-mexicana-2","tag-destacado"],"_links":{"self":[{"href":"https:\/\/agpnoticias.com\/news\/index.php?rest_route=\/wp\/v2\/posts\/2960627","targetHints":{"allow":["GET"]}}],"collection":[{"href":"https:\/\/agpnoticias.com\/news\/index.php?rest_route=\/wp\/v2\/posts"}],"about":[{"href":"https:\/\/agpnoticias.com\/news\/index.php?rest_route=\/wp\/v2\/types\/post"}],"author":[{"embeddable":true,"href":"https:\/\/agpnoticias.com\/news\/index.php?rest_route=\/wp\/v2\/users\/1"}],"replies":[{"embeddable":true,"href":"https:\/\/agpnoticias.com\/news\/index.php?rest_route=%2Fwp%2Fv2%2Fcomments&post=2960627"}],"version-history":[{"count":1,"href":"https:\/\/agpnoticias.com\/news\/index.php?rest_route=\/wp\/v2\/posts\/2960627\/revisions"}],"predecessor-version":[{"id":2960629,"href":"https:\/\/agpnoticias.com\/news\/index.php?rest_route=\/wp\/v2\/posts\/2960627\/revisions\/2960629"}],"wp:featuredmedia":[{"embeddable":true,"href":"https:\/\/agpnoticias.com\/news\/index.php?rest_route=\/wp\/v2\/media\/2960628"}],"wp:attachment":[{"href":"https:\/\/agpnoticias.com\/news\/index.php?rest_route=%2Fwp%2Fv2%2Fmedia&parent=2960627"}],"wp:term":[{"taxonomy":"category","embeddable":true,"href":"https:\/\/agpnoticias.com\/news\/index.php?rest_route=%2Fwp%2Fv2%2Fcategories&post=2960627"},{"taxonomy":"post_tag","embeddable":true,"href":"https:\/\/agpnoticias.com\/news\/index.php?rest_route=%2Fwp%2Fv2%2Ftags&post=2960627"}],"curies":[{"name":"wp","href":"https:\/\/api.w.org\/{rel}","templated":true}]}}