{"id":2961429,"date":"2023-08-31T22:28:11","date_gmt":"2023-09-01T05:28:11","guid":{"rendered":"https:\/\/agpnoticias.com\/news\/?p=2961429"},"modified":"2023-08-31T22:28:14","modified_gmt":"2023-09-01T05:28:14","slug":"anuncian-torneo-de-golf-en-honor-a-erik-morales","status":"publish","type":"post","link":"https:\/\/agpnoticias.com\/news\/?p=2961429","title":{"rendered":"Anuncian torneo de golf en honor a Erik Morales"},"content":{"rendered":"\n\n\n<p>Tijuana, Baja California.- Este jueves en conferencia de prensa se dio a conocer que la Fundaci\u00f3n Mi Chante realizar\u00e1 su 4to Torneo de Golf, que en esta ocasi\u00f3n ser\u00e1 en honor al gran campe\u00f3n de boxeo mexicano Erik Morales Elvira.<br \/>\u201cEs para m\u00ed un gran honor estar hoy aqu\u00ed en esta conferencia de prensa para el anuncio del torneo de golf, que no tiene nada que ver con mi disciplina, pero agradezco profundamente que me tomen en cuenta y espero que vengan muchos jugadores a participar en el torneo, dijo el famoso \u201cTerrible\u201d Morales.<br \/>Durante la presentaci\u00f3n del torneo se destac\u00f3 la importancia de Erik Morales no solo en el mundo de las \u201corejas de coliflor y las narices chatas\u201d, sino en el deporte en general en M\u00e9xico, una trayectoria que se marc\u00f3 por ganarle a los m\u00e1s grandes peleadores de su \u00e9poca.<br \/>El presidente de la Fundaci\u00f3n \u201cMi Chante\u201d, Abelardo Pe\u00f1a, indic\u00f3 que \u201cen nuestra cuarta edici\u00f3n del torneo de golf hemos decidido que sea en honor a Erik Morales, ser\u00e1 el jueves 16 de mayo del 2024 pero desde este momento estamos dando inicio a la promoci\u00f3n porque queremos superar las expectativas del a\u00f1o pasado\u201d.<br \/>El anfitri\u00f3n de la conferencia de prensa se\u00f1al\u00f3 que se jugar\u00e1 en el Club Campestre de Tijuana y que el coordinador del evento ser\u00e1 el Pro del golf V\u00edctor Regalado, bajo la modalidad de parejas, esperando llegar a tener 144 participantes para la nueva edici\u00f3n del torneo cuyos fondos de inscripci\u00f3n ser\u00e1n destinados a los deportistas de varias universidades.<br \/>\u201cLlevo dentro del deporte 40 a\u00f1os, y estoy muy contento porque se tomen la molestia en ponerle mi nombre a este torneo. Soy una persona muy afortunada, rodeado de grandes personas como Abelardo Pe\u00f1a que hacen una gran labor apoyando a los deportistas\u201d.<br \/>Al momento de hablar sobre su historia de vida, el multicampe\u00f3n de boxeo profesional, record\u00f3 a su padre, Jos\u00e9 Morales, mejor conocido en el mundo del deporte de la fistiana como el \u201cOlivaritos\u201d (qepd), su voz se apag\u00f3 y estuvo al punto de la l\u00e1grima, \u201cmi padre fue una persona muy positiva en mi vida, me ense\u00f1\u00f3 a ser honesto, a no quedarme callado ante las adversidades, era un hombre con una gran visi\u00f3n a futuro y siempre crey\u00f3 en m\u00ed\u201d.<br \/>Ahora que est\u00e1 como titular del Instituto del Deporte y la Cultura F\u00edsica de Baja California (INDE BC), se\u00f1al\u00f3 que \u00e9l se ve reflejado en los j\u00f3venes deportistas que representan al Estado en competencias nacionales e internacionales, \u201cveo en ellos ese brillo en los ojos de que quieren sobresalir, con grandes sue\u00f1os, enfocados en querer ser los mejores, y eso es lo que me emociona a m\u00ed de estar al frente de la paraestatal\u201d.<\/p>\n","protected":false},"excerpt":{"rendered":"","protected":false},"author":1,"featured_media":2961430,"comment_status":"closed","ping_status":"closed","sticky":false,"template":"","format":"standard","meta":{"footnotes":""},"categories":[466,1152],"tags":[],"class_list":["post-2961429","post","type-post","status-publish","format-standard","has-post-thumbnail","hentry","category-golf","category-editor-seleccion"],"_links":{"self":[{"href":"https:\/\/agpnoticias.com\/news\/index.php?rest_route=\/wp\/v2\/posts\/2961429","targetHints":{"allow":["GET"]}}],"collection":[{"href":"https:\/\/agpnoticias.com\/news\/index.php?rest_route=\/wp\/v2\/posts"}],"about":[{"href":"https:\/\/agpnoticias.com\/news\/index.php?rest_route=\/wp\/v2\/types\/post"}],"author":[{"embeddable":true,"href":"https:\/\/agpnoticias.com\/news\/index.php?rest_route=\/wp\/v2\/users\/1"}],"replies":[{"embeddable":true,"href":"https:\/\/agpnoticias.com\/news\/index.php?rest_route=%2Fwp%2Fv2%2Fcomments&post=2961429"}],"version-history":[{"count":1,"href":"https:\/\/agpnoticias.com\/news\/index.php?rest_route=\/wp\/v2\/posts\/2961429\/revisions"}],"predecessor-version":[{"id":2961431,"href":"https:\/\/agpnoticias.com\/news\/index.php?rest_route=\/wp\/v2\/posts\/2961429\/revisions\/2961431"}],"wp:featuredmedia":[{"embeddable":true,"href":"https:\/\/agpnoticias.com\/news\/index.php?rest_route=\/wp\/v2\/media\/2961430"}],"wp:attachment":[{"href":"https:\/\/agpnoticias.com\/news\/index.php?rest_route=%2Fwp%2Fv2%2Fmedia&parent=2961429"}],"wp:term":[{"taxonomy":"category","embeddable":true,"href":"https:\/\/agpnoticias.com\/news\/index.php?rest_route=%2Fwp%2Fv2%2Fcategories&post=2961429"},{"taxonomy":"post_tag","embeddable":true,"href":"https:\/\/agpnoticias.com\/news\/index.php?rest_route=%2Fwp%2Fv2%2Ftags&post=2961429"}],"curies":[{"name":"wp","href":"https:\/\/api.w.org\/{rel}","templated":true}]}}