{"id":2962804,"date":"2023-10-02T21:38:27","date_gmt":"2023-10-03T04:38:27","guid":{"rendered":"https:\/\/agpnoticias.com\/news\/?p=2962804"},"modified":"2023-10-02T21:38:29","modified_gmt":"2023-10-03T04:38:29","slug":"arrancan-armando-ayala-y-eca-lng-rehabilitacion-del-riviera-de-ensenada","status":"publish","type":"post","link":"https:\/\/agpnoticias.com\/news\/?p=2962804","title":{"rendered":"Arrancan Armando Ayala y ECA LNG rehabilitaci\u00f3n del Riviera de Ensenada"},"content":{"rendered":"\n<p><span style=\"font-size: revert;\">Ensenada, Baja California.- M\u00e1s de 8.5 millones de pesos se invertir\u00e1n en la rehabilitaci\u00f3n del Centro Social, C\u00edvico y Cultural Riviera de Ensenada, inform\u00f3 el presidente municipal Armando Ayala Robles.<\/span><\/p>\n<p>Al encabezar el arranque de los trabajos de mejoras en este emblem\u00e1tico edificio, el primer edil manifest\u00f3 que esta obra forma parte de los recursos que destina Energ\u00eda Costa Azul a trav\u00e9s del programa de Inversi\u00f3n Social.<br \/>\u201cLe hemos apostado a rescatar la imagen urbana, la cultura y el esparcimiento, lo que implica levantar el coraz\u00f3n tur\u00edstico de nuestro municipio y el Riviera de Ensenada forma parte de este proyecto que estamos impulsando\u201d, sostuvo.<br \/>Armando Ayala puntualiz\u00f3 que esta es la primera obra que se har\u00e1 en las inmediaciones del Riviera de Ensenada, pues tambi\u00e9n se contempla la canalizaci\u00f3n del Arroyo Ensenada y el Sal\u00f3n de la Fama del municipio.<br \/>Refiri\u00f3 que se rehabilitar\u00e1n los salones Rojo, Catedral y Casino, as\u00ed como los sanitarios del edificio, jardines, barda perimetral y el Teatro al Aire Libre, as\u00ed como los techos del mismo edificio.<br \/>Por su parte, el gerente senior de Desempe\u00f1o Social y Comunicaciones de ECA LNG, Carlos Flores Vargas, ratific\u00f3 el compromiso de Sempra Infraestructura con los ensenadenses y su gobierno municipal, al apoyar la rehabilitaci\u00f3n de un edificio que tan dignamente representa la historia y herencia cultural de Ensenada.<br \/>Puntualiz\u00f3 que este proyecto, adem\u00e1s, tiene un significado muy especial para Energ\u00eda Costa Azul, porque es parte del entorno de la sede de la empresa en el Edificio Caracol, adem\u00e1s porque alberga el espacio donde pr\u00f3ximamente se crear\u00e1 el Sal\u00f3n de la Fama de Ensenada, adem\u00e1s de que estar\u00e1 el parque lineal del Arroyo Ensenada, proyectos a los que destinar\u00e1n recursos del Programa de Infraestructura Social.<br \/>\u201cEsta inversi\u00f3n no solo es un tributo al pasado, tambi\u00e9n es una inversi\u00f3n en el futuro de la ciudad. Con estos trabajos, estamos revitalizando un espacio que seguir\u00e1 inspirando y educando a las generaciones venideras. Ser\u00e1 un lugar donde las artes, la m\u00fasica, la historia y la cultura dar\u00e1n vigor al gentilicio y orgullo del ensenadense\u201d, recalc\u00f3.<br \/>Elvia Mart\u00ednez Santos, coordinadora general de Gabinete, coment\u00f3 que el ser un edificio con declaratorias especiales, la rehabilitaci\u00f3n cuenta con los permisos correspondientes por parte de la Secretar\u00eda de Cultura de Baja California y del Instituto Nacional de Antropolog\u00eda e Historia (INAH).<br \/>A su vez, el director de Infraestructura Municipal, Jaime Figueroa Tentori explic\u00f3 que los trabajos que se har\u00e1n en el Riviera, incluye acciones tanto en el interior de salones como en el exterior del edificio.<br \/>En cuanto al sal\u00f3n Rojo se reemplazar\u00e1 la loseta, las cortinas decorativas, el escenario port\u00e1til y la pintura, mientras que en el sal\u00f3n Casino ser\u00e1 cambiada la alfombra por una que se asemeje a la original, y se har\u00e1 reparaci\u00f3n al muro de metal.<br \/>El funcionario municipal precis\u00f3 que en el sal\u00f3n Catedral est\u00e1 contemplado colocar pintura y cambiar las cortinas decorativas y para el \u00e1rea de los jardines se prev\u00e9 mejorar las banquetas, fuentes y muros de homenajes.<br \/>En el teatro al aire libre se mejorar\u00e1n las butacas, la cortina enrollable y pintura, adem\u00e1s de que en los sanitarios se cambiar\u00e1 la loseta, el mobiliario y pintura, adem\u00e1s de que en la barda perimetral se rehabilitar\u00e1 la herrer\u00eda.<\/p>\n<p>000-000<\/p>\n","protected":false},"excerpt":{"rendered":"","protected":false},"author":1,"featured_media":2962805,"comment_status":"closed","ping_status":"closed","sticky":false,"template":"","format":"standard","meta":{"footnotes":""},"categories":[1],"tags":[],"class_list":["post-2962804","post","type-post","status-publish","format-standard","has-post-thumbnail","hentry","category-uncategorized"],"_links":{"self":[{"href":"https:\/\/agpnoticias.com\/news\/index.php?rest_route=\/wp\/v2\/posts\/2962804","targetHints":{"allow":["GET"]}}],"collection":[{"href":"https:\/\/agpnoticias.com\/news\/index.php?rest_route=\/wp\/v2\/posts"}],"about":[{"href":"https:\/\/agpnoticias.com\/news\/index.php?rest_route=\/wp\/v2\/types\/post"}],"author":[{"embeddable":true,"href":"https:\/\/agpnoticias.com\/news\/index.php?rest_route=\/wp\/v2\/users\/1"}],"replies":[{"embeddable":true,"href":"https:\/\/agpnoticias.com\/news\/index.php?rest_route=%2Fwp%2Fv2%2Fcomments&post=2962804"}],"version-history":[{"count":1,"href":"https:\/\/agpnoticias.com\/news\/index.php?rest_route=\/wp\/v2\/posts\/2962804\/revisions"}],"predecessor-version":[{"id":2962806,"href":"https:\/\/agpnoticias.com\/news\/index.php?rest_route=\/wp\/v2\/posts\/2962804\/revisions\/2962806"}],"wp:featuredmedia":[{"embeddable":true,"href":"https:\/\/agpnoticias.com\/news\/index.php?rest_route=\/wp\/v2\/media\/2962805"}],"wp:attachment":[{"href":"https:\/\/agpnoticias.com\/news\/index.php?rest_route=%2Fwp%2Fv2%2Fmedia&parent=2962804"}],"wp:term":[{"taxonomy":"category","embeddable":true,"href":"https:\/\/agpnoticias.com\/news\/index.php?rest_route=%2Fwp%2Fv2%2Fcategories&post=2962804"},{"taxonomy":"post_tag","embeddable":true,"href":"https:\/\/agpnoticias.com\/news\/index.php?rest_route=%2Fwp%2Fv2%2Ftags&post=2962804"}],"curies":[{"name":"wp","href":"https:\/\/api.w.org\/{rel}","templated":true}]}}