{"id":2963429,"date":"2023-10-16T17:26:00","date_gmt":"2023-10-17T00:26:00","guid":{"rendered":"https:\/\/agpnoticias.com\/news\/?p=2963429"},"modified":"2023-10-16T17:26:03","modified_gmt":"2023-10-17T00:26:03","slug":"sre-busca-contactar-al-grupo-hamas-para-liberacion-de-rehenes-mexicanos-en-gaza","status":"publish","type":"post","link":"https:\/\/agpnoticias.com\/news\/?p=2963429","title":{"rendered":"SRE busca contactar al grupo Ham\u00e1s para liberaci\u00f3n de rehenes mexicanos en Gaza"},"content":{"rendered":"\n\n\n<p>Ciudad de M\u00e9xico.- La <strong>Secretar\u00eda de Relaciones Exteriores<\/strong>\u00a0(SRE) busca un contacto con\u00a0<strong>Ham\u00e1s<\/strong>, as\u00ed como organizaciones y gobiernos afines, para lograr la liberaci\u00f3n de los\u00a0<strong>dos mexicanos<\/strong> que habr\u00edan sido secuestrados por dicho grupo.<\/p>\n<p>La\u00a0<strong>SRE<\/strong>\u00a0tambi\u00e9n busca la creaci\u00f3n por parte de\u00a0<strong>Israel<\/strong>\u00a0de un\u00a0<strong>pasillo humanitario<\/strong>\u00a0para sacar a los internacionalistas que est\u00e1n en\u00a0<strong>Gaza<\/strong>, particularmente a la anestesi\u00f3loga mexicana\u00a0<strong>B\u00e1rbara Lango<\/strong>.<\/p>\n<p>El gobierno mexicano identifica como\u00a0<strong>Ilana Gritzewsky y Ori\u00f3n Hern\u00e1ndez\u00a0<\/strong>a los dos mexicanos secuestrados por el grupo terrorista\u00a0<strong>Ham\u00e1s<\/strong>\u00a0durante los ataques del 7 de octubre en territorio israel\u00ed.<\/p>\n<figure id=\"attachment_1568384\" class=\"wp-caption alignnone\" aria-labelledby=\"figcaption_attachment_1568384\"><img fetchpriority=\"high\" decoding=\"async\" class=\"size-large wp-image-1568384 img-responsive perfmatters-lazy entered pmloaded\" title=\"\" src=\"https:\/\/i0.wp.com\/lopezdoriga.com\/wp-content\/uploads\/2023\/10\/ilana-gritzewsky-y-orion-hernandez.jpg?resize=1024%2C512&amp;ssl=1\" sizes=\"(max-width: 1024px) 100vw, 1024px\" srcset=\"https:\/\/i0.wp.com\/lopezdoriga.com\/wp-content\/uploads\/2023\/10\/ilana-gritzewsky-y-orion-hernandez.jpg?resize=1024%2C512&amp;ssl=1 1024w, https:\/\/i0.wp.com\/lopezdoriga.com\/wp-content\/uploads\/2023\/10\/ilana-gritzewsky-y-orion-hernandez.jpg?resize=300%2C150&amp;ssl=1 300w, https:\/\/i0.wp.com\/lopezdoriga.com\/wp-content\/uploads\/2023\/10\/ilana-gritzewsky-y-orion-hernandez.jpg?resize=768%2C384&amp;ssl=1 768w, https:\/\/i0.wp.com\/lopezdoriga.com\/wp-content\/uploads\/2023\/10\/ilana-gritzewsky-y-orion-hernandez.jpg?w=1200&amp;ssl=1 1200w\" alt=\"SRE busca a Ham\u00e1s para liberaci\u00f3n de mexicanos tomados como rehenes - ilana-gritzewsky-y-orion-hernandez-1024x512\" width=\"650\" height=\"325\" data-src=\"https:\/\/i0.wp.com\/lopezdoriga.com\/wp-content\/uploads\/2023\/10\/ilana-gritzewsky-y-orion-hernandez.jpg?resize=1024%2C512&amp;ssl=1\" data-srcset=\"https:\/\/i0.wp.com\/lopezdoriga.com\/wp-content\/uploads\/2023\/10\/ilana-gritzewsky-y-orion-hernandez.jpg?resize=1024%2C512&amp;ssl=1 1024w, https:\/\/i0.wp.com\/lopezdoriga.com\/wp-content\/uploads\/2023\/10\/ilana-gritzewsky-y-orion-hernandez.jpg?resize=300%2C150&amp;ssl=1 300w, https:\/\/i0.wp.com\/lopezdoriga.com\/wp-content\/uploads\/2023\/10\/ilana-gritzewsky-y-orion-hernandez.jpg?resize=768%2C384&amp;ssl=1 768w, https:\/\/i0.wp.com\/lopezdoriga.com\/wp-content\/uploads\/2023\/10\/ilana-gritzewsky-y-orion-hernandez.jpg?w=1200&amp;ssl=1 1200w\" data-sizes=\"(max-width: 1024px) 100vw, 1024px\" data-ll-status=\"loaded\" \/>\n<figcaption id=\"figcaption_attachment_1568384\" class=\"wp-caption-text\">Ori\u00f3n Hern\u00e1ndez e Ilana Gritzewsky, mexicanos secuestrados por Ham\u00e1s. Foto: Especial<\/figcaption>\n<\/figure>\n<p>\u00a0<\/p>\n","protected":false},"excerpt":{"rendered":"","protected":false},"author":1,"featured_media":2963430,"comment_status":"closed","ping_status":"closed","sticky":false,"template":"","format":"standard","meta":{"footnotes":""},"categories":[1],"tags":[],"class_list":["post-2963429","post","type-post","status-publish","format-standard","has-post-thumbnail","hentry","category-uncategorized"],"_links":{"self":[{"href":"https:\/\/agpnoticias.com\/news\/index.php?rest_route=\/wp\/v2\/posts\/2963429","targetHints":{"allow":["GET"]}}],"collection":[{"href":"https:\/\/agpnoticias.com\/news\/index.php?rest_route=\/wp\/v2\/posts"}],"about":[{"href":"https:\/\/agpnoticias.com\/news\/index.php?rest_route=\/wp\/v2\/types\/post"}],"author":[{"embeddable":true,"href":"https:\/\/agpnoticias.com\/news\/index.php?rest_route=\/wp\/v2\/users\/1"}],"replies":[{"embeddable":true,"href":"https:\/\/agpnoticias.com\/news\/index.php?rest_route=%2Fwp%2Fv2%2Fcomments&post=2963429"}],"version-history":[{"count":1,"href":"https:\/\/agpnoticias.com\/news\/index.php?rest_route=\/wp\/v2\/posts\/2963429\/revisions"}],"predecessor-version":[{"id":2963431,"href":"https:\/\/agpnoticias.com\/news\/index.php?rest_route=\/wp\/v2\/posts\/2963429\/revisions\/2963431"}],"wp:featuredmedia":[{"embeddable":true,"href":"https:\/\/agpnoticias.com\/news\/index.php?rest_route=\/wp\/v2\/media\/2963430"}],"wp:attachment":[{"href":"https:\/\/agpnoticias.com\/news\/index.php?rest_route=%2Fwp%2Fv2%2Fmedia&parent=2963429"}],"wp:term":[{"taxonomy":"category","embeddable":true,"href":"https:\/\/agpnoticias.com\/news\/index.php?rest_route=%2Fwp%2Fv2%2Fcategories&post=2963429"},{"taxonomy":"post_tag","embeddable":true,"href":"https:\/\/agpnoticias.com\/news\/index.php?rest_route=%2Fwp%2Fv2%2Ftags&post=2963429"}],"curies":[{"name":"wp","href":"https:\/\/api.w.org\/{rel}","templated":true}]}}