{"id":2963531,"date":"2023-10-18T14:24:13","date_gmt":"2023-10-18T21:24:13","guid":{"rendered":"https:\/\/agpnoticias.com\/news\/?p=2963531"},"modified":"2023-10-18T14:24:17","modified_gmt":"2023-10-18T21:24:17","slug":"encabeza-alcalde-armando-ayala-el-foro-del-proyecto-de-movilizacion-ciclovia-ensenada","status":"publish","type":"post","link":"https:\/\/agpnoticias.com\/news\/?p=2963531","title":{"rendered":"Encabeza alcalde Armando Ayala el Foro del Proyecto de Movilizaci\u00f3n Ciclov\u00eda Ensenada"},"content":{"rendered":"\n<p><span style=\"font-size: revert;\">Ensenada, Baja California.- Un monto de alrededor de 20 millones de pesos del Programa de Inversi\u00f3n Social de Energ\u00eda Costa Azul, ser\u00e1 destinado a la ciclov\u00eda.\u00a0<\/span><\/p>\n<p>El proyecto de movilizaci\u00f3n Ciclov\u00eda Ensenada, con el que se busca beneficiar a m\u00e1s de 120 mil ensenadenses, fue presentado por el alcalde Armando Ayala Robles ante representantes de asociaciones civiles, autoridades de los tres \u00f3rdenes de gobierno y ciudadan\u00eda. <br \/>Durante un foro realizado en el Centro Estatal de las Artes de Ensenada (Ceart), anunci\u00f3 que se prev\u00e9 que, en diciembre, inicien los trabajos de la primera etapa de la ciclov\u00eda que abarcar\u00e1 20.1 kil\u00f3metros.<\/p>\n<p>Enfatiz\u00f3 que este sistema de carriles exclusivos para ciclistas, contar\u00e1 con ocho estaciones de reparaci\u00f3n y cruces seguros, con lo que se fortalecer\u00e1n las acciones encaminadas a lograr una ciudad inteligente, con infraestructura sostenible que genere desarrollo econ\u00f3mico, bienestar social y reduzca la huella ambiental.<\/p>\n<p>Armando Ayala record\u00f3 que el compromiso de esta obra data de 2019, y aunque se vio retrasado por la contingencia sanitaria, gracias al compromiso de Energ\u00eda Costa Azul est\u00e1 por materializarse y generar m\u00faltiples beneficios a la poblaci\u00f3n.<\/p>\n<p>Resalt\u00f3 que al ser un proyecto exigido por un n\u00famero considerable de ensenadenses, se redoblaron esfuerzos para lograr un buen proyecto ejecutivo, funcional y acorde a las necesidades de la comunidad.<\/p>\n<p>\u201cNo queremos hacer s\u00f3lo una l\u00ednea mal pintada, ni dejar el proyecto inconcluso como pas\u00f3 en 2014, que se invirtieron cuatro millones de pesos en una obra mal planeada, no terminada y que no fue retomada por la siguiente administraci\u00f3n. Queremos contar con m\u00e1s opciones para transportarnos en forma segura y sin afectar la movilidad urbana\u201d, recalc\u00f3 el presidente.<\/p>\n<p>Carlos Flores, gerente de Desempe\u00f1o Social y Comunicaciones de ECA, asegur\u00f3 que este nuevo sistema de ciclov\u00edas promete mejorar la calidad de vida, reforzar la econom\u00eda local, garantizar la seguridad y revitalizar el turismo.<\/p>\n<p>Se\u00f1al\u00f3 que entre las aportaciones transformadoras del proyecto, destaca la movilidad econ\u00f3mica, es decir, el ahorro que a nivel personal o familiar se generar\u00e1 al utilizar la bicicleta como medio transporte.<\/p>\n<p>\u201cEste proyecto generar\u00e1 empleos durante su ejecuci\u00f3n y una vez terminado, mejorar\u00e1 la seguridad vial. Al contar con carriles exclusivos para ciclistas se reducir\u00e1n los conflictos con automovilistas y sin duda, Ensenada ser\u00e1 m\u00e1s atractiva al visitante que podr\u00e1 explorar la ciudad y sus alrededores en bicicleta, lo que generar\u00e1 cadenas de valor que fortalecer\u00e1n la econom\u00eda local\u201d, apunt\u00f3.<\/p>\n<p>El representante de Energ\u00eda Costa Azul, asegur\u00f3 que la ciclov\u00eda contribuir\u00e1 al ordenamiento del paisaje urbano, se contar\u00e1 con aire m\u00e1s limpio, con mayor oferta de espacios p\u00fablicos para la activaci\u00f3n f\u00edsica y para disfrutar en familia, lo que fortalecer\u00e1 el sentido de comunidad y mejorar\u00e1 la salud p\u00fablica.<\/p>\n<p>*Soluci\u00f3n efectiva para todos*<br \/>En la exposici\u00f3n de motivos, la coordinadora general de Gabinete, Elvia Mart\u00ednez subray\u00f3 que la ciclov\u00eda ser\u00e1 una soluci\u00f3n efectiva para poblaci\u00f3n local y visitantes, pues al integrar las bicicletas a la movilidad urbana, se promover\u00e1 el cuidado del medio ambiente, la buena salud, el deporte y el bienestar de la comunidad.<\/p>\n<p>Puntualiz\u00f3 que, esta obra a cargo del equipo t\u00e9cnico de ECA, dar\u00e1 continuidad al proyecto iniciado en 2014 del que a\u00fan perduran 13 franjas de ciclov\u00eda ubicadas en distintos puntos de la ciudad.<\/p>\n<p>Elvia Mart\u00ednez indic\u00f3 que los circuitos que se formar\u00e1n con la ciclov\u00eda de 20.1 kil\u00f3metros, generar\u00e1n un impacto positivo pues en su recorrido se ubicar\u00e1n: 260 centros de trabajo; 36 sitios de inter\u00e9s; 36 unidades de equipamiento; 27 oficinas de gobierno; 26 escuelas; 25 unidades de salud y 20 unidades deportivas.<\/p>\n<p>\u201cEs urgente y necesaria la construcci\u00f3n de este proyecto, para que el vamos a emprender un programa de sensibilizaci\u00f3n vial. Adem\u00e1s, de que vamos a sentar un precedente para que los pr\u00f3ximos gobiernos asignen recursos al mejoramiento constante de este s\u00edmbolo de conexi\u00f3n comunitaria\u201d, asever\u00f3.<\/p>\n<p>En la parte t\u00e9cnica, el director de Infraestructura Municipal, Jaime Figueroa Tentori explic\u00f3 que en los 20.1 kil\u00f3metros de la primera etapa, se contemplan las 13 franjas de ciclov\u00eda existentes que abarcan alrededor de 10.7 kil\u00f3metros, en las que se efectuar\u00e1n las adecuaciones estructurales en apego al nuevo proyecto.<\/p>\n<p>Agreg\u00f3 que, para garantizar la seguridad de ciclistas, peatones y automovilistas se mejorar\u00e1n las rutas, el equipamiento y la se\u00f1alizaci\u00f3n, con especial \u00e9nfasis en los cruceros principales: Reforma y S\u00e9ptima; Reforma y Tercera; Adolfo Ram\u00edrez M\u00e9ndez y Bravo; bulevar Zertuche -en la zona de la Unidad Deportiva Ra\u00fal Ram\u00edrez Lozano-; Bucaneros y Diamante; S\u00e9ptima y Espinoza.<\/p>\n<p>Durante el foro, en el que se cont\u00f3 con la participaci\u00f3n del regidor Sergio Ayala Laveaga, presidente de la Comisi\u00f3n del Deporte, se realiz\u00f3 una din\u00e1mica de preguntas y respuestas, en la que solventaron dudas de la ciudadan\u00eda presente.<\/p>\n","protected":false},"excerpt":{"rendered":"","protected":false},"author":1,"featured_media":2963532,"comment_status":"closed","ping_status":"closed","sticky":false,"template":"","format":"standard","meta":{"footnotes":""},"categories":[1],"tags":[],"class_list":["post-2963531","post","type-post","status-publish","format-standard","has-post-thumbnail","hentry","category-uncategorized"],"_links":{"self":[{"href":"https:\/\/agpnoticias.com\/news\/index.php?rest_route=\/wp\/v2\/posts\/2963531","targetHints":{"allow":["GET"]}}],"collection":[{"href":"https:\/\/agpnoticias.com\/news\/index.php?rest_route=\/wp\/v2\/posts"}],"about":[{"href":"https:\/\/agpnoticias.com\/news\/index.php?rest_route=\/wp\/v2\/types\/post"}],"author":[{"embeddable":true,"href":"https:\/\/agpnoticias.com\/news\/index.php?rest_route=\/wp\/v2\/users\/1"}],"replies":[{"embeddable":true,"href":"https:\/\/agpnoticias.com\/news\/index.php?rest_route=%2Fwp%2Fv2%2Fcomments&post=2963531"}],"version-history":[{"count":1,"href":"https:\/\/agpnoticias.com\/news\/index.php?rest_route=\/wp\/v2\/posts\/2963531\/revisions"}],"predecessor-version":[{"id":2963533,"href":"https:\/\/agpnoticias.com\/news\/index.php?rest_route=\/wp\/v2\/posts\/2963531\/revisions\/2963533"}],"wp:featuredmedia":[{"embeddable":true,"href":"https:\/\/agpnoticias.com\/news\/index.php?rest_route=\/wp\/v2\/media\/2963532"}],"wp:attachment":[{"href":"https:\/\/agpnoticias.com\/news\/index.php?rest_route=%2Fwp%2Fv2%2Fmedia&parent=2963531"}],"wp:term":[{"taxonomy":"category","embeddable":true,"href":"https:\/\/agpnoticias.com\/news\/index.php?rest_route=%2Fwp%2Fv2%2Fcategories&post=2963531"},{"taxonomy":"post_tag","embeddable":true,"href":"https:\/\/agpnoticias.com\/news\/index.php?rest_route=%2Fwp%2Fv2%2Ftags&post=2963531"}],"curies":[{"name":"wp","href":"https:\/\/api.w.org\/{rel}","templated":true}]}}