{"id":2963540,"date":"2023-10-18T22:06:35","date_gmt":"2023-10-19T05:06:35","guid":{"rendered":"https:\/\/agpnoticias.com\/news\/?p=2963540"},"modified":"2023-10-18T22:06:37","modified_gmt":"2023-10-19T05:06:37","slug":"victoria-reyes-se-ha-convertido-en-la-primera-mexicana-en-clasificar-al-mr-olympia-2024","status":"publish","type":"post","link":"https:\/\/agpnoticias.com\/news\/?p=2963540","title":{"rendered":"Victoria Reyes se ha convertido en la primera mexicana en clasificar al MR Olympia 2024"},"content":{"rendered":"\n<p>Ciudad de M\u00e9xico.- Victoria Reyes se ha convirti\u00f3 en la primera mexicana en clasificar al prestigioso MR Olympia 2024.<\/p>\n<p>Esta atleta, oriunda de Ensenada, Baja California, hizo su debut como profesional y sorprendi\u00f3 a todos al acumular dos impresionantes victorias consecutivas. <br \/><a href=\"https:\/\/agpnoticias.com\/news\/victoria-reyes-se-ha-convertido-en-la-primera-mexicana-en-clasificar-al-mr-olympia-2024\/3596bd12-2eef-44f0-8aaf-5105c0965cb8\/\" rel=\"attachment wp-att-2963542\"><img fetchpriority=\"high\" decoding=\"async\" class=\"aligncenter size-full wp-image-2963542\" src=\"https:\/\/agpnoticias.com\/news\/wp-content\/uploads\/2023\/10\/3596bd12-2eef-44f0-8aaf-5105c0965cb8.jpeg\" alt=\"\" width=\"900\" height=\"1200\" \/><\/a><\/p>\n<p>Primero, asegur\u00f3 su pase al Olympia 2023 al triunfar en el Legion Sport Fest en Florida, y recientemente, en el MGB Guadalajara, gan\u00f3 nuevamente, asegurando su participaci\u00f3n en el Olympia 2024.<\/p>\n<p>Lo m\u00e1s destacado de su \u00faltima victoria es que lo logr\u00f3 en su pa\u00eds natal, M\u00e9xico, lo que a\u00f1ade un toque especial a su logro.<\/p>\n<p>Su pr\u00f3xima parada ser\u00e1 el MR Olympia, donde competir\u00e1 por primera vez en este escenario de \u00e9lite. <\/p>\n<p>Esta experiencia le permitir\u00e1 acumular conocimientos y trabajar en sus habilidades sin la presi\u00f3n de tener que volver a competir durante casi un a\u00f1o completo, ya que tiene asegurado su pase al Olympia 2024.<\/p>\n<p>Victoria Reyes, tambi\u00e9n conocida como \u00abThe Heavy Unit,\u00bb se ha convertido en un orgullo para M\u00e9xico y una inspiraci\u00f3n para la comunidad de fisicoculturistas. <\/p>\n","protected":false},"excerpt":{"rendered":"","protected":false},"author":1,"featured_media":2963541,"comment_status":"closed","ping_status":"closed","sticky":false,"template":"","format":"standard","meta":{"footnotes":""},"categories":[1,1151],"tags":[],"class_list":["post-2963540","post","type-post","status-publish","format-standard","has-post-thumbnail","hentry","category-uncategorized","category-portada"],"_links":{"self":[{"href":"https:\/\/agpnoticias.com\/news\/index.php?rest_route=\/wp\/v2\/posts\/2963540","targetHints":{"allow":["GET"]}}],"collection":[{"href":"https:\/\/agpnoticias.com\/news\/index.php?rest_route=\/wp\/v2\/posts"}],"about":[{"href":"https:\/\/agpnoticias.com\/news\/index.php?rest_route=\/wp\/v2\/types\/post"}],"author":[{"embeddable":true,"href":"https:\/\/agpnoticias.com\/news\/index.php?rest_route=\/wp\/v2\/users\/1"}],"replies":[{"embeddable":true,"href":"https:\/\/agpnoticias.com\/news\/index.php?rest_route=%2Fwp%2Fv2%2Fcomments&post=2963540"}],"version-history":[{"count":3,"href":"https:\/\/agpnoticias.com\/news\/index.php?rest_route=\/wp\/v2\/posts\/2963540\/revisions"}],"predecessor-version":[{"id":2963546,"href":"https:\/\/agpnoticias.com\/news\/index.php?rest_route=\/wp\/v2\/posts\/2963540\/revisions\/2963546"}],"wp:featuredmedia":[{"embeddable":true,"href":"https:\/\/agpnoticias.com\/news\/index.php?rest_route=\/wp\/v2\/media\/2963541"}],"wp:attachment":[{"href":"https:\/\/agpnoticias.com\/news\/index.php?rest_route=%2Fwp%2Fv2%2Fmedia&parent=2963540"}],"wp:term":[{"taxonomy":"category","embeddable":true,"href":"https:\/\/agpnoticias.com\/news\/index.php?rest_route=%2Fwp%2Fv2%2Fcategories&post=2963540"},{"taxonomy":"post_tag","embeddable":true,"href":"https:\/\/agpnoticias.com\/news\/index.php?rest_route=%2Fwp%2Fv2%2Ftags&post=2963540"}],"curies":[{"name":"wp","href":"https:\/\/api.w.org\/{rel}","templated":true}]}}