{"id":2965887,"date":"2023-12-13T17:18:34","date_gmt":"2023-12-14T01:18:34","guid":{"rendered":"https:\/\/agpnoticias.com\/news\/?p=2965887"},"modified":"2023-12-13T17:18:36","modified_gmt":"2023-12-14T01:18:36","slug":"celebra-armando-ayala-epoca-decembrina-con-ensenadenses","status":"publish","type":"post","link":"https:\/\/agpnoticias.com\/news\/?p=2965887","title":{"rendered":"Celebra Armando Ayala \u00e9poca decembrina con ensenadenses"},"content":{"rendered":"\n<p>Ensenada, Baja California.- En beneficio de m\u00e1s de 250 familias, residentes del fraccionamiento Villas del Real IV y colonias aleda\u00f1as, el Gobierno de Ensenada llev\u00f3 la Posada Navide\u00f1a Bienestar al Parque Villa La Alegr\u00eda.<\/p>\n<p>El alcalde Armando Ayala Robles se congratul\u00f3 de celebrar esta temporada con las familias presentes y pasar una ma\u00f1ana amena junto con el personal municipal, y agradeci\u00f3 a los ciudadanos el que hayan abierto las puertas de su colonia para tener esta convivencia.<\/p>\n<p>Aunque es un mes de festejos, dijo, seguiremos atendiendo las peticiones ciudadanas durante las Posadas Bienestar.<\/p>\n<p>\u201cTodav\u00eda no nos vamos, nos quedan 365 d\u00edas para seguir cumpli\u00e9ndole a la poblaci\u00f3n, para acudir a las colonias\u201d, subray\u00f3, a la vez que los invit\u00f3 a acudir a la Plaza C\u00edvica de la Patria y al Riviera para que disfruten de la iluminaci\u00f3n navide\u00f1a junto a sus seres queridos.<\/p>\n<p>El presidente municipal a\u00f1adi\u00f3 que el pasado martes se present\u00f3 el programa \u201cEnsenada Iluminada\u201d, con la cual se pretende instalar 27 mil nuevas luminarias y as\u00ed reemplazar el alumbrado p\u00fablico del municipio.<\/p>\n<p>\u201cActualmente llevamos instaladas 2 mil 400 de ese total, y pronto estaremos llegando a Villas IV con ese programa\u201d, asever\u00f3 el presidente.<\/p>\n<p>Eduardo Vega Zamora, director de Bienestar Social, destac\u00f3 que durante esta festividad estuvieron presentes habitantes de Villas II, III, IV y VI, Chapultepec, P\u00f3rticos del Mar, Todos Santos, incluso de Valle Verde, ya que las Posadas son abiertas a toda la poblaci\u00f3n.<\/p>\n<p>Al mismo tiempo agradeci\u00f3 que acudieran a este evento, con el que, a diferencia de las Jornadas Con el Coraz\u00f3n por Delante, se busca propiciar la convivencia del Gabinete Municipal con la comunidad.<\/p>\n<p>Por parte de Bienestar Social, dijo, estaremos entregando 150 regalos para las y los infantes, serviremos pastel, birria, tamales y aguas frescas, romperemos la pi\u00f1ata con dulces, rifaremos pavo y otros obsequios.<\/p>\n<p>Aunado a lo anterior, Vega Zamora mencion\u00f3 que por parte de Educaci\u00f3n Municipal e IMCUDHE habr\u00e1 actividades para la ni\u00f1ez, como pintacaritas, manualidades y juegos de mesa, mientras que DIF Ensenada estar\u00eda rifando 50 cenas navide\u00f1as y repartiendo 200 paquetes alimentarios.<\/p>\n<p>Asimismo, la se\u00f1ora Blanca Fonseca, representante de los colonos de Villas del Real IV, agradeci\u00f3 a las autoridades municipales por estar en la comunidad y promover actividades l\u00fadicas, as\u00ed como a sus vecinos por estar presentes, ya que esta posada fue solicitada para todos ellos.<\/p>\n<p>\u201cGracias alcalde porque siempre ha atendido nuestras peticiones, ya que anteriormente Villas IV no era tomada en cuenta, siempre pregunt\u00e1bamos para cu\u00e1ndo la jornada y la posada, pero sobre todo el rescate de este fraccionamiento que ha sido muy favorable para quienes aqu\u00ed vivimos\u201d, expres\u00f3.<\/p>\n<p>En ese tenor, pidi\u00f3 a las y los residentes se sumen a cuidar las vialidades, las zonas de uso com\u00fan y los alrededores de sus casas para que luzcan ordenados, as\u00ed como ser m\u00e1s unidos como vecinos para seguir avanzando.<\/p>\n<p>Estuvieron presentes en la posada Oralia Tinoco Gonz\u00e1lez, directora de DIF Municipal; Sergio Ayala Laveaga, regidor presidente de la Comisi\u00f3n del Deporte; as\u00ed como directivos de otras dependencias y \u00e1reas como Atenci\u00f3n Ciudadana, Comercio, Alcoholes y Espect\u00e1culos, Educaci\u00f3n, Prevenci\u00f3n del Delito, Servicios M\u00e9dicos y Bomberos.<\/p>\n","protected":false},"excerpt":{"rendered":"","protected":false},"author":1,"featured_media":2965888,"comment_status":"closed","ping_status":"closed","sticky":false,"template":"","format":"standard","meta":{"footnotes":""},"categories":[405],"tags":[],"class_list":["post-2965887","post","type-post","status-publish","format-standard","has-post-thumbnail","hentry","category-sin-categoria-es"],"_links":{"self":[{"href":"https:\/\/agpnoticias.com\/news\/index.php?rest_route=\/wp\/v2\/posts\/2965887","targetHints":{"allow":["GET"]}}],"collection":[{"href":"https:\/\/agpnoticias.com\/news\/index.php?rest_route=\/wp\/v2\/posts"}],"about":[{"href":"https:\/\/agpnoticias.com\/news\/index.php?rest_route=\/wp\/v2\/types\/post"}],"author":[{"embeddable":true,"href":"https:\/\/agpnoticias.com\/news\/index.php?rest_route=\/wp\/v2\/users\/1"}],"replies":[{"embeddable":true,"href":"https:\/\/agpnoticias.com\/news\/index.php?rest_route=%2Fwp%2Fv2%2Fcomments&post=2965887"}],"version-history":[{"count":1,"href":"https:\/\/agpnoticias.com\/news\/index.php?rest_route=\/wp\/v2\/posts\/2965887\/revisions"}],"predecessor-version":[{"id":2965889,"href":"https:\/\/agpnoticias.com\/news\/index.php?rest_route=\/wp\/v2\/posts\/2965887\/revisions\/2965889"}],"wp:featuredmedia":[{"embeddable":true,"href":"https:\/\/agpnoticias.com\/news\/index.php?rest_route=\/wp\/v2\/media\/2965888"}],"wp:attachment":[{"href":"https:\/\/agpnoticias.com\/news\/index.php?rest_route=%2Fwp%2Fv2%2Fmedia&parent=2965887"}],"wp:term":[{"taxonomy":"category","embeddable":true,"href":"https:\/\/agpnoticias.com\/news\/index.php?rest_route=%2Fwp%2Fv2%2Fcategories&post=2965887"},{"taxonomy":"post_tag","embeddable":true,"href":"https:\/\/agpnoticias.com\/news\/index.php?rest_route=%2Fwp%2Fv2%2Ftags&post=2965887"}],"curies":[{"name":"wp","href":"https:\/\/api.w.org\/{rel}","templated":true}]}}