{"id":2965997,"date":"2023-12-16T12:18:18","date_gmt":"2023-12-16T20:18:18","guid":{"rendered":"https:\/\/agpnoticias.com\/news\/?p=2965997"},"modified":"2023-12-16T12:18:20","modified_gmt":"2023-12-16T20:18:20","slug":"el-sevilla-despidio-a-diego-alonso","status":"publish","type":"post","link":"https:\/\/agpnoticias.com\/news\/?p=2965997","title":{"rendered":"El Sevilla despidi\u00f3 a Diego Alonso"},"content":{"rendered":"\n\n\n<p>Sevilla, Espa\u00f1a.- El paso de Diego Alonso por el Sevilla fue breve y pobre en t\u00e9rminos de resultados.<\/p>\n<p>El club public\u00f3 un breve comunicado, tras la derrota de 3-0 ante el Getafe por La Liga:<\/p>\n<p><em>El Sevilla FC anuncia que ha destituido a Diego Alonso como entrenador blanquirrojo. El club agradece al t\u00e9cnico uruguayo sus servicios y desea la mejor de las suertes en el futuro.<\/em><\/p>\n<p>Alonso asumi\u00f3 en octubre como reemplazante de Jos\u00e9 Luis Mendilibar y dirigi\u00f3 14 partidos, gan\u00f3 s\u00f3lo dos (ambos en Copa del Rey, al Astorga y al Quintanar), empat\u00f3 cinco (dos de ellos ante Real Madrid y Betis) y perdi\u00f3 los siete restantes.<\/p>\n<p>El seleccionador de Uruguay en la pasada Copa del Mundo fue buscado por el Am\u00e9rica de M\u00e9xico previo a su contrataci\u00f3n con Sevilla y entonces argument\u00f3 su deseo de dirigir en Europa.<\/p>\n\n\n","protected":false},"excerpt":{"rendered":"","protected":false},"author":1,"featured_media":2965998,"comment_status":"closed","ping_status":"closed","sticky":false,"template":"","format":"standard","meta":{"footnotes":""},"categories":[32,1144,1151],"tags":[907],"class_list":["post-2965997","post","type-post","status-publish","format-standard","has-post-thumbnail","hentry","category-soccer","category-futbol-internacional","category-portada","tag-tendencia"],"_links":{"self":[{"href":"https:\/\/agpnoticias.com\/news\/index.php?rest_route=\/wp\/v2\/posts\/2965997","targetHints":{"allow":["GET"]}}],"collection":[{"href":"https:\/\/agpnoticias.com\/news\/index.php?rest_route=\/wp\/v2\/posts"}],"about":[{"href":"https:\/\/agpnoticias.com\/news\/index.php?rest_route=\/wp\/v2\/types\/post"}],"author":[{"embeddable":true,"href":"https:\/\/agpnoticias.com\/news\/index.php?rest_route=\/wp\/v2\/users\/1"}],"replies":[{"embeddable":true,"href":"https:\/\/agpnoticias.com\/news\/index.php?rest_route=%2Fwp%2Fv2%2Fcomments&post=2965997"}],"version-history":[{"count":1,"href":"https:\/\/agpnoticias.com\/news\/index.php?rest_route=\/wp\/v2\/posts\/2965997\/revisions"}],"predecessor-version":[{"id":2965999,"href":"https:\/\/agpnoticias.com\/news\/index.php?rest_route=\/wp\/v2\/posts\/2965997\/revisions\/2965999"}],"wp:featuredmedia":[{"embeddable":true,"href":"https:\/\/agpnoticias.com\/news\/index.php?rest_route=\/wp\/v2\/media\/2965998"}],"wp:attachment":[{"href":"https:\/\/agpnoticias.com\/news\/index.php?rest_route=%2Fwp%2Fv2%2Fmedia&parent=2965997"}],"wp:term":[{"taxonomy":"category","embeddable":true,"href":"https:\/\/agpnoticias.com\/news\/index.php?rest_route=%2Fwp%2Fv2%2Fcategories&post=2965997"},{"taxonomy":"post_tag","embeddable":true,"href":"https:\/\/agpnoticias.com\/news\/index.php?rest_route=%2Fwp%2Fv2%2Ftags&post=2965997"}],"curies":[{"name":"wp","href":"https:\/\/api.w.org\/{rel}","templated":true}]}}