{"id":2966462,"date":"2023-12-31T21:57:29","date_gmt":"2024-01-01T05:57:29","guid":{"rendered":"https:\/\/agpnoticias.com\/news\/?p=2966462"},"modified":"2023-12-31T21:57:59","modified_gmt":"2024-01-01T05:57:59","slug":"resumen-2023-tigres-y-america-campeones-del-futbol-mexicano","status":"publish","type":"post","link":"https:\/\/agpnoticias.com\/news\/?p=2966462","title":{"rendered":"Resumen 2023: Tigres y Am\u00e9rica, campeones del futbol mexicano"},"content":{"rendered":"\n<p class=\"p1\"><strong><span class=\"s1\">TIGRES<\/span><\/strong><\/p>\n<p class=\"p1\"><span class=\"s1\">Estaban en la lona. Los Tigres perd\u00edaN dos por cero al medio tiempo con las Chivas de la final de vuelta. El Piojo Alvarado y el Pocho Guzm\u00e1n encaminaban todo rumbo a la fiesta chiva. Pero en el complemento, el Guadalajara no pudo m\u00e1s y cedi\u00f3. Gignac de penal y C\u00f3rdova capitalizaron la presi\u00f3n ejercida desde el inicio del segundo tiempo. Y en el agregado, Guido Pizarro silenci\u00f3 al Akron.<\/span><\/p>\n<p class=\"p1\"><span class=\"s1\">Con Robert Dante Siboldi al mando como su tercer t\u00e9cnico en el torneo (tras la renuncia de Diego Cocca para ir a la selecci\u00f3n mexicana y el despido del Chima Ruiz), los experimentados Tigres alzaron una copa m\u00e1s.<\/span><\/p>\n<p class=\"p1\"><strong><span class=\"s1\">AM\u00c9RICA<\/span><\/strong><\/p>\n<p class=\"p1\"><span class=\"s1\">Andr\u00e9 Jardine lleg\u00f3 y triunf\u00f3. Del modesto Atl\u00e9tico de San Luis lleg\u00f3 el entrenador que regres\u00f3 a las \u00c1guilas a lo m\u00e1s alto del futbol mexicano despu\u00e9s de cinco a\u00f1os.<\/span><\/p>\n<p class=\"p1\"><span class=\"s1\">La decadencia de la era Herrera y las extraordinarias fases regulares de Solari y el Tano Ortiz (pero naufragando durante las liguillas) fueron dejadas atr\u00e1s por un equipo que lider\u00f3 todo durante el Apertura 2023.<\/span><\/p>\n<p class=\"p1\"><span class=\"s1\">En la liguilla despach\u00f3 a Le\u00f3n y San Luis, para destronar a los Tigres en la final por 3-0 con pol\u00e9mica natural incluida cada que el t\u00edtulo se pinta de amarillo.<\/span><\/p>\n<p class=\"p1\"><span class=\"s1\">La 14 lleg\u00f3 con el brasile\u00f1o Jardine y figuras como Juli\u00e1n Qui\u00f1ones, Luis Malag\u00f3n, \u00c1lvaro Fidalgo y Henry Martin.<\/span><\/p>\n","protected":false},"excerpt":{"rendered":"","protected":false},"author":1,"featured_media":2966463,"comment_status":"closed","ping_status":"closed","sticky":false,"template":"","format":"standard","meta":{"footnotes":""},"categories":[32,1151],"tags":[907],"class_list":["post-2966462","post","type-post","status-publish","format-standard","has-post-thumbnail","hentry","category-soccer","category-portada","tag-tendencia"],"_links":{"self":[{"href":"https:\/\/agpnoticias.com\/news\/index.php?rest_route=\/wp\/v2\/posts\/2966462","targetHints":{"allow":["GET"]}}],"collection":[{"href":"https:\/\/agpnoticias.com\/news\/index.php?rest_route=\/wp\/v2\/posts"}],"about":[{"href":"https:\/\/agpnoticias.com\/news\/index.php?rest_route=\/wp\/v2\/types\/post"}],"author":[{"embeddable":true,"href":"https:\/\/agpnoticias.com\/news\/index.php?rest_route=\/wp\/v2\/users\/1"}],"replies":[{"embeddable":true,"href":"https:\/\/agpnoticias.com\/news\/index.php?rest_route=%2Fwp%2Fv2%2Fcomments&post=2966462"}],"version-history":[{"count":2,"href":"https:\/\/agpnoticias.com\/news\/index.php?rest_route=\/wp\/v2\/posts\/2966462\/revisions"}],"predecessor-version":[{"id":2966466,"href":"https:\/\/agpnoticias.com\/news\/index.php?rest_route=\/wp\/v2\/posts\/2966462\/revisions\/2966466"}],"wp:featuredmedia":[{"embeddable":true,"href":"https:\/\/agpnoticias.com\/news\/index.php?rest_route=\/wp\/v2\/media\/2966463"}],"wp:attachment":[{"href":"https:\/\/agpnoticias.com\/news\/index.php?rest_route=%2Fwp%2Fv2%2Fmedia&parent=2966462"}],"wp:term":[{"taxonomy":"category","embeddable":true,"href":"https:\/\/agpnoticias.com\/news\/index.php?rest_route=%2Fwp%2Fv2%2Fcategories&post=2966462"},{"taxonomy":"post_tag","embeddable":true,"href":"https:\/\/agpnoticias.com\/news\/index.php?rest_route=%2Fwp%2Fv2%2Ftags&post=2966462"}],"curies":[{"name":"wp","href":"https:\/\/api.w.org\/{rel}","templated":true}]}}