{"id":2966500,"date":"2024-01-02T09:07:43","date_gmt":"2024-01-02T17:07:43","guid":{"rendered":"https:\/\/agpnoticias.com\/news\/?p=2966500"},"modified":"2024-01-02T09:07:44","modified_gmt":"2024-01-02T17:07:44","slug":"anuncia-alcalde-armando-ayala-inversion-de-18-4-mdp-para-obras-viales","status":"publish","type":"post","link":"https:\/\/agpnoticias.com\/news\/?p=2966500","title":{"rendered":"Anuncia alcalde Armando Ayala inversi\u00f3n de 18.4 mdp para obras viales*"},"content":{"rendered":"\n<p><span style=\"font-size: revert;\">Ensenada, Baja California.- A partir de este mes, el Gobierno de Ensenada pondr\u00e1 en marcha el tercer paquete de obras de rehabilitaci\u00f3n vial por m\u00e1s de 18.4 millones de pesos, procedentes del Programa de Regularizaci\u00f3n de Veh\u00edculos de Procedencia Extranjera -Ramo 23-.<\/span><\/p>\n<p><br \/>El alcalde Armando Ayala Robles inform\u00f3 que, en el primer semestre del a\u00f1o, se prev\u00e9 la ejecuci\u00f3n de 12 obras con las que se abarcar\u00e1 una superficie de 19 mil 513.32 metros cuadrados de calles ubicadas en distintos puntos de la ciudad.<\/p>\n<p><br \/>Resalt\u00f3 que, de los recursos enviados para el tercer paquete, 3.7 millones de pesos se destinar\u00e1n a la rehabilitaci\u00f3n con concreto asf\u00e1ltico de 4 mil 194 metros cuadrados de la avenida Riveroll entre 12 y 14 de la Zona Centro.<\/p>\n<p><br \/>\u201cM\u00e1s de 3.4 millones se aplicar\u00e1n en la reconstrucci\u00f3n con concreto hidr\u00e1ulico de los cruceros de: la calzada De las \u00c1guilas y avenida M\u00e9xico; avenida Par\u00eds y calle Niza; de la avenida Par\u00eds entre avenida Miguel Alem\u00e1n y calle Lisboa, en la colonia Moderna\u201d, apunt\u00f3.<\/p>\n<p><br \/>Armando Ayala se\u00f1al\u00f3 que alrededor de 3 millones se ejecutar\u00e1n en la rehabilitaci\u00f3n a base de whitetopping de 3 mil 100 metros cuadrados, de la avenida M\u00e9xico entre las calzadas Cortez y De las \u00c1guilas, en la colonia Maestros.<\/p>\n<p><br \/>Indic\u00f3 que, tambi\u00e9n se invertir\u00e1n cerca de 6 millones de pesos en acciones de bacheo con mezcla asf\u00e1ltica en 6 mil 754.82 metros cuadrados, ubicados en: Paseo de la Playa entre carretera Transpeninsular y Dr. Pedro Loyola; carretera Ensenada-San Miguel, tramo de norte a sur; Coral entre Buganvilia y Justo Sierra; 11 entre Reforma y Allende; Ray\u00f3n entre Cuarta y Ju\u00e1rez.<\/p>\n<p><br \/>Mientras que, por un monto superior a los 2.4 millones, se intervendr\u00e1n 3 mil 243.5 metros cuadrados con concreto asf\u00e1ltico, en las calles: Bah\u00eda Vizca\u00edno entre Bah\u00eda Asunci\u00f3n y Bah\u00eda Ballenas de la colonia Moderna; Guillermo Marconi entre Adolfo Ram\u00edrez M\u00e9ndez y calle B, de la Vivienda Popular.<\/p>\n<p><br \/>\u201cGracias al apoyo del presidente Andr\u00e9s Manuel L\u00f3pez Obrador y al respaldo de la gobernadora Marina del Pilar \u00c1vila Olmeda, iniciaremos el a\u00f1o con la reparaci\u00f3n de vialidades con gran afluencia vehicular. Con estas obras avanzamos en la consolidaci\u00f3n del programa de infraestructura y rehabilitaci\u00f3n vial m\u00e1s grande en la historia de Ensenada\u201d, asever\u00f3.<\/p>\n","protected":false},"excerpt":{"rendered":"","protected":false},"author":1,"featured_media":2966501,"comment_status":"closed","ping_status":"closed","sticky":false,"template":"","format":"standard","meta":{"footnotes":""},"categories":[1],"tags":[],"class_list":["post-2966500","post","type-post","status-publish","format-standard","has-post-thumbnail","hentry","category-uncategorized"],"_links":{"self":[{"href":"https:\/\/agpnoticias.com\/news\/index.php?rest_route=\/wp\/v2\/posts\/2966500","targetHints":{"allow":["GET"]}}],"collection":[{"href":"https:\/\/agpnoticias.com\/news\/index.php?rest_route=\/wp\/v2\/posts"}],"about":[{"href":"https:\/\/agpnoticias.com\/news\/index.php?rest_route=\/wp\/v2\/types\/post"}],"author":[{"embeddable":true,"href":"https:\/\/agpnoticias.com\/news\/index.php?rest_route=\/wp\/v2\/users\/1"}],"replies":[{"embeddable":true,"href":"https:\/\/agpnoticias.com\/news\/index.php?rest_route=%2Fwp%2Fv2%2Fcomments&post=2966500"}],"version-history":[{"count":2,"href":"https:\/\/agpnoticias.com\/news\/index.php?rest_route=\/wp\/v2\/posts\/2966500\/revisions"}],"predecessor-version":[{"id":2966503,"href":"https:\/\/agpnoticias.com\/news\/index.php?rest_route=\/wp\/v2\/posts\/2966500\/revisions\/2966503"}],"wp:featuredmedia":[{"embeddable":true,"href":"https:\/\/agpnoticias.com\/news\/index.php?rest_route=\/wp\/v2\/media\/2966501"}],"wp:attachment":[{"href":"https:\/\/agpnoticias.com\/news\/index.php?rest_route=%2Fwp%2Fv2%2Fmedia&parent=2966500"}],"wp:term":[{"taxonomy":"category","embeddable":true,"href":"https:\/\/agpnoticias.com\/news\/index.php?rest_route=%2Fwp%2Fv2%2Fcategories&post=2966500"},{"taxonomy":"post_tag","embeddable":true,"href":"https:\/\/agpnoticias.com\/news\/index.php?rest_route=%2Fwp%2Fv2%2Ftags&post=2966500"}],"curies":[{"name":"wp","href":"https:\/\/api.w.org\/{rel}","templated":true}]}}