{"id":2966589,"date":"2024-01-05T14:24:12","date_gmt":"2024-01-05T22:24:12","guid":{"rendered":"https:\/\/agpnoticias.com\/news\/?p=2966589"},"modified":"2024-01-05T14:24:15","modified_gmt":"2024-01-05T22:24:15","slug":"celebra-armando-ayala-robles-dia-de-reyes-con-la-poblacion-ensenadense","status":"publish","type":"post","link":"https:\/\/agpnoticias.com\/news\/?p=2966589","title":{"rendered":"Celebra Armando Ayala Robles D\u00eda de Reyes con la poblaci\u00f3n ensenadense"},"content":{"rendered":"\n<p><span style=\"font-size: revert;\">Ensenada, Baja California.- Para promover las tradiciones mexicanas y celebrar con la poblaci\u00f3n el D\u00eda de Reyes, el alcalde de Ensenada Armando Ayala Robles hizo entrega de 200 roscas en el vest\u00edbulo de la Casa Municipal, dese\u00e1ndoles prosperidad y salud durante este a\u00f1o que reci\u00e9n inicia.<\/span><\/p>\n<p>El primer edil expres\u00f3 sentirse honrado por las familias que lo acompa\u00f1an en esta celebraci\u00f3n que se hace a nivel nacional y donde los Reyes Magos hacen su magia para traer a las infancias una sonrisa.<\/p>\n<p>\u201cCon mucho cari\u00f1o hacemos esta entrega significativa que implica amor, tradici\u00f3n, fe y esperanza, ya que este 6 de enero recordamos la llegada de los Reyes Magos al pesebre donde yac\u00eda el Ni\u00f1o Dios\u201d, coment\u00f3 el primer edil.<\/p>\n<p>Armando Ayala consider\u00f3 que siempre ser\u00e1 buen momento para impulsar actividades que congreguen a las familias, donde cada persona pueda charlar con sus padres, sus hijos, sus abuelos, sus hermanos y dem\u00e1s integrantes, as\u00ed como con el resto de la comunidad.<\/p>\n<p>Patricia Reyes Hern\u00e1ndez, coordinadora de Atenci\u00f3n Ciudadana, record\u00f3 que esta fecha es para festejar junto a la familia y seres queridos comiendo pan dulce con chocolate caliente y para el Gobierno Municipal es momento de compartir la felicidad de un nuevo a\u00f1o para seguir trabajando en pro de Ensenada.<\/p>\n<p>En el festejo y entrega de roscas estuvieron presentes: Elvia Mart\u00ednez Santos, coordinadora general de Gabinete; Cristhian Garc\u00eda Tar\u00edn, regidor presidente de la Comisi\u00f3n de la Familia; Eduardo Vega Zamora, director de Bienestar Social; Oralia Tinoco Gonz\u00e1lez, directora de DIF Municipal; Gladis Garc\u00eda Osuna, representante ciudadana, entre otros funcionarios invitados junto a las y los ciudadanos.<\/p>\n","protected":false},"excerpt":{"rendered":"","protected":false},"author":1,"featured_media":2966590,"comment_status":"closed","ping_status":"closed","sticky":false,"template":"","format":"standard","meta":{"footnotes":""},"categories":[1],"tags":[],"class_list":["post-2966589","post","type-post","status-publish","format-standard","has-post-thumbnail","hentry","category-uncategorized"],"_links":{"self":[{"href":"https:\/\/agpnoticias.com\/news\/index.php?rest_route=\/wp\/v2\/posts\/2966589","targetHints":{"allow":["GET"]}}],"collection":[{"href":"https:\/\/agpnoticias.com\/news\/index.php?rest_route=\/wp\/v2\/posts"}],"about":[{"href":"https:\/\/agpnoticias.com\/news\/index.php?rest_route=\/wp\/v2\/types\/post"}],"author":[{"embeddable":true,"href":"https:\/\/agpnoticias.com\/news\/index.php?rest_route=\/wp\/v2\/users\/1"}],"replies":[{"embeddable":true,"href":"https:\/\/agpnoticias.com\/news\/index.php?rest_route=%2Fwp%2Fv2%2Fcomments&post=2966589"}],"version-history":[{"count":1,"href":"https:\/\/agpnoticias.com\/news\/index.php?rest_route=\/wp\/v2\/posts\/2966589\/revisions"}],"predecessor-version":[{"id":2966591,"href":"https:\/\/agpnoticias.com\/news\/index.php?rest_route=\/wp\/v2\/posts\/2966589\/revisions\/2966591"}],"wp:featuredmedia":[{"embeddable":true,"href":"https:\/\/agpnoticias.com\/news\/index.php?rest_route=\/wp\/v2\/media\/2966590"}],"wp:attachment":[{"href":"https:\/\/agpnoticias.com\/news\/index.php?rest_route=%2Fwp%2Fv2%2Fmedia&parent=2966589"}],"wp:term":[{"taxonomy":"category","embeddable":true,"href":"https:\/\/agpnoticias.com\/news\/index.php?rest_route=%2Fwp%2Fv2%2Fcategories&post=2966589"},{"taxonomy":"post_tag","embeddable":true,"href":"https:\/\/agpnoticias.com\/news\/index.php?rest_route=%2Fwp%2Fv2%2Ftags&post=2966589"}],"curies":[{"name":"wp","href":"https:\/\/api.w.org\/{rel}","templated":true}]}}