{"id":2966724,"date":"2024-01-08T10:06:22","date_gmt":"2024-01-08T18:06:22","guid":{"rendered":"https:\/\/agpnoticias.com\/news\/?p=2966724"},"modified":"2024-01-08T10:06:29","modified_gmt":"2024-01-08T18:06:29","slug":"en-febrero-concluiran-trabajos-en-el-salon-de-la-fama-del-deporte-de-ensenada","status":"publish","type":"post","link":"https:\/\/agpnoticias.com\/news\/?p=2966724","title":{"rendered":"En febrero concluir\u00e1n trabajos en el Sal\u00f3n de la Fama del Deporte de Ensenada"},"content":{"rendered":"\n\n\n<p><span style=\"font-size: revert;\">Ensenada, Baja California.- En la segunda quincena de febrero se prev\u00e9 que concluyan los trabajos estructurales del Sal\u00f3n de la Fama, ubicado en un espacio del Centro Social, C\u00edvico, Cultural Riviera.<\/span><\/p>\n<p>El alcalde Armando Ayala Robles inform\u00f3 que hasta el momento se han invertido 2.2 millones de pesos, en la rehabilitaci\u00f3n integral del espacio que registraba un deterioro importante y problemas de filtraciones.<\/p>\n<p>Resalt\u00f3 que el mes entrante, la constructora entregar\u00e1 la obra al Ayuntamiento mientras se trabaja para reunir la memorabilia deportiva necesaria para que el Sal\u00f3n de la Fama abra sus puertas. <br \/><a href=\"https:\/\/agpnoticias.com\/news\/?attachment_id=2966731\" rel=\"attachment wp-att-2966731\"><img fetchpriority=\"high\" decoding=\"async\" class=\"aligncenter size-full wp-image-2966731\" src=\"https:\/\/agpnoticias.com\/news\/wp-content\/uploads\/2024\/01\/67ff6cdf-807d-4183-8962-0e3a9ba66533.jpeg\" alt=\"\" width=\"1200\" height=\"800\" srcset=\"https:\/\/agpnoticias.com\/news\/wp-content\/uploads\/2024\/01\/67ff6cdf-807d-4183-8962-0e3a9ba66533.jpeg 1200w, https:\/\/agpnoticias.com\/news\/wp-content\/uploads\/2024\/01\/67ff6cdf-807d-4183-8962-0e3a9ba66533-1024x683.jpeg 1024w\" sizes=\"(max-width: 1200px) 100vw, 1200px\" \/><\/a><br \/>Sin embargo, una vez que concluya este proceso, haremos un gran evento para reconocer al talento ensenadense\u201d, expres\u00f3 el primer edil.<\/p>\n<p>El regidor Sergio Ayala Laveaga, presidente de la Comisi\u00f3n del Deporte, adelant\u00f3 que en los pr\u00f3ximos d\u00edas se presentar\u00e1 ante el Cabildo una terna para elegir el nombre que llevar\u00e1 este espacio.<\/p>\n<p>Adem\u00e1s, de que indic\u00f3 que en conjunto con el Instituto Municipal del Deporte y Recreaci\u00f3n (Inmudere), se trabaja en una convocatoria para reunir art\u00edculos de personajes reconocidos en la escena deportiva.<\/p>\n<p>Respecto a la parte t\u00e9cnica, Jaime Figueroa Tentori, director de Infraestructura Municipal, precis\u00f3 que los trabajos estructurales est\u00e1n en la recta final, pero est\u00e1 pendiente el tema del mobiliario, pues se han hecho diversos ajustes en medidas y especificaciones de vitrinas, repisas, etc\u00e9tera.<\/p>\n<p>\u201cDe mediados de noviembre a la fecha se repararon los muros que estaban bastante deteriorados, eso incluy\u00f3 la impermeabilizaci\u00f3n de todo el espacio para detener las filtraciones. Se instalaron plafones y se hicieron las divisiones con muros de tablaroca\u201d, apunt\u00f3.<\/p>\n<p>Francisco Montes, contratista responsable del proyecto, agreg\u00f3 que est\u00e1 por instalarse loseta de porcelana de gran formato y posteriormente, se empezar\u00e1 a colocar el mobiliario -conforme se vaya fabricando-, ya que la meta es concluir los trabajos despu\u00e9s de la primera quincena de febrero.<\/p>\n","protected":false},"excerpt":{"rendered":"","protected":false},"author":1,"featured_media":2966730,"comment_status":"closed","ping_status":"closed","sticky":false,"template":"","format":"standard","meta":{"footnotes":""},"categories":[1,1151],"tags":[],"class_list":["post-2966724","post","type-post","status-publish","format-standard","has-post-thumbnail","hentry","category-uncategorized","category-portada"],"_links":{"self":[{"href":"https:\/\/agpnoticias.com\/news\/index.php?rest_route=\/wp\/v2\/posts\/2966724","targetHints":{"allow":["GET"]}}],"collection":[{"href":"https:\/\/agpnoticias.com\/news\/index.php?rest_route=\/wp\/v2\/posts"}],"about":[{"href":"https:\/\/agpnoticias.com\/news\/index.php?rest_route=\/wp\/v2\/types\/post"}],"author":[{"embeddable":true,"href":"https:\/\/agpnoticias.com\/news\/index.php?rest_route=\/wp\/v2\/users\/1"}],"replies":[{"embeddable":true,"href":"https:\/\/agpnoticias.com\/news\/index.php?rest_route=%2Fwp%2Fv2%2Fcomments&post=2966724"}],"version-history":[{"count":1,"href":"https:\/\/agpnoticias.com\/news\/index.php?rest_route=\/wp\/v2\/posts\/2966724\/revisions"}],"predecessor-version":[{"id":2966732,"href":"https:\/\/agpnoticias.com\/news\/index.php?rest_route=\/wp\/v2\/posts\/2966724\/revisions\/2966732"}],"wp:featuredmedia":[{"embeddable":true,"href":"https:\/\/agpnoticias.com\/news\/index.php?rest_route=\/wp\/v2\/media\/2966730"}],"wp:attachment":[{"href":"https:\/\/agpnoticias.com\/news\/index.php?rest_route=%2Fwp%2Fv2%2Fmedia&parent=2966724"}],"wp:term":[{"taxonomy":"category","embeddable":true,"href":"https:\/\/agpnoticias.com\/news\/index.php?rest_route=%2Fwp%2Fv2%2Fcategories&post=2966724"},{"taxonomy":"post_tag","embeddable":true,"href":"https:\/\/agpnoticias.com\/news\/index.php?rest_route=%2Fwp%2Fv2%2Ftags&post=2966724"}],"curies":[{"name":"wp","href":"https:\/\/api.w.org\/{rel}","templated":true}]}}