{"id":2967013,"date":"2024-01-15T21:15:19","date_gmt":"2024-01-16T05:15:19","guid":{"rendered":"https:\/\/agpnoticias.com\/news\/?p=2967013"},"modified":"2024-01-15T21:15:21","modified_gmt":"2024-01-16T05:15:21","slug":"gringo-en-chivas-cade-cowell-llego-a-guadalajara","status":"publish","type":"post","link":"https:\/\/agpnoticias.com\/news\/?p=2967013","title":{"rendered":"Gringo en Chivas: Cade Cowell lleg\u00f3 a Guadalajara"},"content":{"rendered":"\n\n\n<p>Guadalajara, Jalisco.- Chivas anunci\u00f3 la incorporaci\u00f3n del norteamericano Cade Cowell.<\/p>\n<p>El club present\u00f3 los generales y el historial del jugador que se sum\u00f3 este d\u00eda para reforzar el plantel con miras a la Liga MX y la Concacaf Liga de Campeones.<\/p>\n<p>&#8211; Juega como extremo por ambas bandas.<\/p>\n<p>&#8211; Su pierna m\u00e1s h\u00e1bil es la derecha.<\/p>\n<p>&#8211; Naci\u00f3 el 14 de octubre de 2003 (20 a\u00f1os de edad).<\/p>\n<p>&#8211; Es el jugador m\u00e1s joven en la historia de la MLS en jugar 100 partidos.<\/p>\n<p>&#8211; Es oriundo de Ceres, California. Sin embargo, su madre es mexicana, lo que lo convierte en mexicano por nacimiento y a su vez, en un jugador elegible para el Guadalajara.<\/p>\n<p>&#8211; Mide 1.82 M.<\/p>\n<p>&#8211; Viene del San Jose Earthquakes.<\/p>\n<p>\u00bfEn cu\u00e1les equipos ha jugado?<\/p>\n<p>&#8211; Cowell es surgido de las fuerzas b\u00e1sicas del San Jos\u00e9, sin embargo en 2019 fue cedido un semestre al Reno FC de la segunda divisi\u00f3n estadounidense.<\/p>\n<p>&#8211; Desde el 2019 hasta la fecha, fue un jugador sumamente importante para los Earthquakes.<\/p>\n<p>&#8211; Ha jugado pr\u00e1cticamente en todas las categor\u00edas dentro de la Selecci\u00f3n Nacional de Estados Unidos. Incluso ha tenido participaci\u00f3n con el cuadro mayor en duelos amistosos y Copa Oro.<\/p>\n<p><a href=\"https:\/\/agpnoticias.com\/news\/?attachment_id=2967014\" rel=\"attachment wp-att-2967014\"><img fetchpriority=\"high\" decoding=\"async\" class=\"aligncenter size-full wp-image-2967014\" src=\"https:\/\/agpnoticias.com\/news\/wp-content\/uploads\/2024\/01\/Chivas-2-e1705382075259.jpeg\" alt=\"\" width=\"800\" height=\"533\" \/><\/a><\/p>\n<p>\u00bfCu\u00e1les son sus caracter\u00edsticas como jugador?<\/p>\n<p>&#8211; Cade es un extremo sumamente potente, que es capaz de agitar a la defensa rival a partir de sus cambios de ritmo y de direcci\u00f3n.<\/p>\n<p>&#8211; Es muy \u00e1gil con el bal\u00f3n en los pies, por lo que se le facilita encontrar situaciones de remate dentro del \u00e1rea.<\/p>\n<p>&#8211; Tiene muy buena conducci\u00f3n en espacios abiertos, lo cual le dar\u00e1 nuevas herramientas al Reba\u00f1o para atacar mejor en diferentes situaciones.<\/p>\n<p>&#8211; Aunque es un jugador que vive en la banda, es muy bueno al invadir carriles centrales.<\/p>\n<p>\u00bfEncajar\u00e1 bien su perfil en el Reba\u00f1o?<\/p>\n<p>&#8211; Su incorporaci\u00f3n enriquecer\u00e1 la baraja de atacantes, pues el Guadalajara cuenta con varios perfiles al frente. F\u00edsicamente es muy fuerte, por lo que en juego a\u00e9reo tambi\u00e9n puede sumar.<\/p>\n<p>&#8211; A pesar de su corta edad tiene bastante experiencia, tanto en lo nacional como en el plano internacional.<\/p>\n<p>&#8211; Su potencia ayudar\u00e1 a que el Reba\u00f1o sea m\u00e1s peligroso en el \u00faltimo tercio del campo y al atacar en contraataque.<\/p>\n<p>Los n\u00fameros de Cade Cowell<\/p>\n<p>&#8211; 118 partidos jugados en clubes (114 con San Jos\u00e9 y 4 con Reno FC)<br \/>&#8211; 5929 minutos disputados<br \/>&#8211; 13 goles anotados<br \/>&#8211; 12 asistencias<br \/>&#8211; 8 juegos con selecci\u00f3n mayor (1 gol en Copa Oro)<\/p>\n<p><em>Informaci\u00f3n: Chivas.<\/em><\/p>\n<p><blockquote class=\"twitter-tweet\" data-width=\"550\" data-dnt=\"true\"><p lang=\"qme\" dir=\"ltr\">???<a href=\"https:\/\/twitter.com\/Cc4Official?ref_src=twsrc%5Etfw\">@Cc4Official<\/a> ???<a href=\"https:\/\/twitter.com\/hashtag\/DaleReba%C3%B1o?src=hash&amp;ref_src=twsrc%5Etfw\">#DaleReba\u00f1o<\/a> ? <a href=\"https:\/\/t.co\/AujjFX0X4K\">pic.twitter.com\/AujjFX0X4K<\/a><\/p>&mdash; CHIVAS (@Chivas) <a href=\"https:\/\/twitter.com\/Chivas\/status\/1747086775947067656?ref_src=twsrc%5Etfw\">January 16, 2024<\/a><\/blockquote><script async src=\"https:\/\/platform.twitter.com\/widgets.js\" charset=\"utf-8\"><\/script><\/p>\n","protected":false},"excerpt":{"rendered":"","protected":false},"author":1,"featured_media":2967015,"comment_status":"closed","ping_status":"closed","sticky":false,"template":"","format":"video","meta":{"footnotes":""},"categories":[32,1081,1151],"tags":[907],"class_list":["post-2967013","post","type-post","status-publish","format-video","has-post-thumbnail","hentry","category-soccer","category-liga-mx","category-portada","tag-tendencia","post_format-post-format-video"],"_links":{"self":[{"href":"https:\/\/agpnoticias.com\/news\/index.php?rest_route=\/wp\/v2\/posts\/2967013","targetHints":{"allow":["GET"]}}],"collection":[{"href":"https:\/\/agpnoticias.com\/news\/index.php?rest_route=\/wp\/v2\/posts"}],"about":[{"href":"https:\/\/agpnoticias.com\/news\/index.php?rest_route=\/wp\/v2\/types\/post"}],"author":[{"embeddable":true,"href":"https:\/\/agpnoticias.com\/news\/index.php?rest_route=\/wp\/v2\/users\/1"}],"replies":[{"embeddable":true,"href":"https:\/\/agpnoticias.com\/news\/index.php?rest_route=%2Fwp%2Fv2%2Fcomments&post=2967013"}],"version-history":[{"count":1,"href":"https:\/\/agpnoticias.com\/news\/index.php?rest_route=\/wp\/v2\/posts\/2967013\/revisions"}],"predecessor-version":[{"id":2967017,"href":"https:\/\/agpnoticias.com\/news\/index.php?rest_route=\/wp\/v2\/posts\/2967013\/revisions\/2967017"}],"wp:featuredmedia":[{"embeddable":true,"href":"https:\/\/agpnoticias.com\/news\/index.php?rest_route=\/wp\/v2\/media\/2967015"}],"wp:attachment":[{"href":"https:\/\/agpnoticias.com\/news\/index.php?rest_route=%2Fwp%2Fv2%2Fmedia&parent=2967013"}],"wp:term":[{"taxonomy":"category","embeddable":true,"href":"https:\/\/agpnoticias.com\/news\/index.php?rest_route=%2Fwp%2Fv2%2Fcategories&post=2967013"},{"taxonomy":"post_tag","embeddable":true,"href":"https:\/\/agpnoticias.com\/news\/index.php?rest_route=%2Fwp%2Fv2%2Ftags&post=2967013"}],"curies":[{"name":"wp","href":"https:\/\/api.w.org\/{rel}","templated":true}]}}