{"id":2967089,"date":"2024-01-18T12:21:53","date_gmt":"2024-01-18T20:21:53","guid":{"rendered":"https:\/\/agpnoticias.com\/news\/?p=2967089"},"modified":"2024-01-18T12:21:56","modified_gmt":"2024-01-18T20:21:56","slug":"cancelado-el-carnaval-2024-en-ensenada-debido-a-condiciones-climaticas","status":"publish","type":"post","link":"https:\/\/agpnoticias.com\/news\/?p=2967089","title":{"rendered":"Cancelado el Carnaval 2024 en Ensenada debido a Condiciones Clim\u00e1ticas"},"content":{"rendered":"\n<p>Ensenada, Baja California.-\u00a0 La coordinadora de la Comisi\u00f3n de Educaci\u00f3n del Cabildo de Ensenada, Norma Silva Aguirre, anunci\u00f3 que el Carnaval programado para el a\u00f1o 2024 ha sido cancelado.<\/p>\n<p>La decisi\u00f3n fue tomada tras el rechazo por parte de los regidores del ayuntamiento a la propuesta del alcalde Armando Ayala de cambiar la fecha para el verano.<\/p>\n<p>La principal raz\u00f3n del primer edil fue la preocupaci\u00f3n por las lluvias y las bajas temperaturas que suelen registrarse durante esa \u00e9poca del a\u00f1o, lo que hist\u00f3ricamente ha llevado a una disminuci\u00f3n en la asistencia a las actividades del Carnaval. Este factor afecta directamente a quienes invierten en la organizaci\u00f3n de los festejos, lo que llev\u00f3 a los regidoores del cabildo a determinar que, si se planea un evento masivo coon las mismas caracteristicas en verano, no ser\u00e1 el Carnaval.<\/p>\n<p>Norma Silva explic\u00f3 que, en lugar del Carnaval en febrero, se organizar\u00e1n algunos eventos culturales y deportivos para mantener viva la tradici\u00f3n y ofrecer opciones de entretenimiento a la comunidad.<\/p>\n<p>De acuerdo con el calendario religioso, los festejos carnavaleros tradicionalmente comienzan el 8 de febrero y culminan el martes 13 de febrero.\u00a0<\/p>\n","protected":false},"excerpt":{"rendered":"","protected":false},"author":1,"featured_media":2967090,"comment_status":"closed","ping_status":"closed","sticky":false,"template":"","format":"standard","meta":{"footnotes":""},"categories":[1],"tags":[],"class_list":["post-2967089","post","type-post","status-publish","format-standard","has-post-thumbnail","hentry","category-uncategorized"],"_links":{"self":[{"href":"https:\/\/agpnoticias.com\/news\/index.php?rest_route=\/wp\/v2\/posts\/2967089","targetHints":{"allow":["GET"]}}],"collection":[{"href":"https:\/\/agpnoticias.com\/news\/index.php?rest_route=\/wp\/v2\/posts"}],"about":[{"href":"https:\/\/agpnoticias.com\/news\/index.php?rest_route=\/wp\/v2\/types\/post"}],"author":[{"embeddable":true,"href":"https:\/\/agpnoticias.com\/news\/index.php?rest_route=\/wp\/v2\/users\/1"}],"replies":[{"embeddable":true,"href":"https:\/\/agpnoticias.com\/news\/index.php?rest_route=%2Fwp%2Fv2%2Fcomments&post=2967089"}],"version-history":[{"count":2,"href":"https:\/\/agpnoticias.com\/news\/index.php?rest_route=\/wp\/v2\/posts\/2967089\/revisions"}],"predecessor-version":[{"id":2967092,"href":"https:\/\/agpnoticias.com\/news\/index.php?rest_route=\/wp\/v2\/posts\/2967089\/revisions\/2967092"}],"wp:featuredmedia":[{"embeddable":true,"href":"https:\/\/agpnoticias.com\/news\/index.php?rest_route=\/wp\/v2\/media\/2967090"}],"wp:attachment":[{"href":"https:\/\/agpnoticias.com\/news\/index.php?rest_route=%2Fwp%2Fv2%2Fmedia&parent=2967089"}],"wp:term":[{"taxonomy":"category","embeddable":true,"href":"https:\/\/agpnoticias.com\/news\/index.php?rest_route=%2Fwp%2Fv2%2Fcategories&post=2967089"},{"taxonomy":"post_tag","embeddable":true,"href":"https:\/\/agpnoticias.com\/news\/index.php?rest_route=%2Fwp%2Fv2%2Ftags&post=2967089"}],"curies":[{"name":"wp","href":"https:\/\/api.w.org\/{rel}","templated":true}]}}