{"id":2967165,"date":"2024-01-20T09:37:24","date_gmt":"2024-01-20T17:37:24","guid":{"rendered":"https:\/\/agpnoticias.com\/news\/?p=2967165"},"modified":"2024-01-20T09:37:26","modified_gmt":"2024-01-20T17:37:26","slug":"aprobada-reforma-a-ley-de-movilidad-en-baja-california-para-fomentar-el-uso-de-bicicletas","status":"publish","type":"post","link":"https:\/\/agpnoticias.com\/news\/?p=2967165","title":{"rendered":"Aprobada reforma a Ley de Movilidad en Baja California para fomentar el uso de bicicletas"},"content":{"rendered":"\n<p>Mexicali, Baja California.- En sesi\u00f3n del Pleno, se aprob\u00f3 el Dictamen No. 9 de la Comisi\u00f3n de Desarrollo Metropolitano, Conurbaci\u00f3n e Infraestructura, Comunicaciones y Transportes, basado en la iniciativa del diputado C\u00e9sar Adri\u00e1n Gonz\u00e1lez Garc\u00eda. La reforma a la Ley de Movilidad Sustentable y Transporte de Baja California busca promover el uso de bicicletas y garantizar la seguridad vial.<\/p>\n<p>La iniciativa contempla restricciones de circulaci\u00f3n para veh\u00edculos aut\u00f3nomos en \u00e1reas tur\u00edsticas y recreativas, priorizando la seguridad de los ciclistas. El diputado Gonz\u00e1lez Garc\u00eda enfatiz\u00f3 que el uso de bicicletas reduce la congesti\u00f3n vehicular y disminuye la contaminaci\u00f3n del aire, beneficiando la salud p\u00fablica.<\/p>\n<p>La reforma, que modifica el art\u00edculo 32 de la Ley de Movilidad local, faculta a las autoridades competentes a emprender acciones para el uso racional del espacio vial, promoviendo el fomento del ciclismo y garantizando la seguridad de quienes utilizan medios no motorizados. Asimismo, los municipios tendr\u00e1n la capacidad de restringir la circulaci\u00f3n de veh\u00edculos automotores para salvaguardar la seguridad vial de los ciudadanos.<\/p>\n<p>Estas medidas, sustentadas en la jerarqu\u00eda de movilidad establecida por la Ley General de Movilidad y Seguridad Vial, buscan no solo incentivar el uso de bicicletas sino tambi\u00e9n garantizar infraestructuras seguras para quienes optan por medios de transporte no motorizados.<\/p>\n","protected":false},"excerpt":{"rendered":"","protected":false},"author":1,"featured_media":2967166,"comment_status":"closed","ping_status":"closed","sticky":false,"template":"","format":"standard","meta":{"footnotes":""},"categories":[1],"tags":[],"class_list":["post-2967165","post","type-post","status-publish","format-standard","has-post-thumbnail","hentry","category-uncategorized"],"_links":{"self":[{"href":"https:\/\/agpnoticias.com\/news\/index.php?rest_route=\/wp\/v2\/posts\/2967165","targetHints":{"allow":["GET"]}}],"collection":[{"href":"https:\/\/agpnoticias.com\/news\/index.php?rest_route=\/wp\/v2\/posts"}],"about":[{"href":"https:\/\/agpnoticias.com\/news\/index.php?rest_route=\/wp\/v2\/types\/post"}],"author":[{"embeddable":true,"href":"https:\/\/agpnoticias.com\/news\/index.php?rest_route=\/wp\/v2\/users\/1"}],"replies":[{"embeddable":true,"href":"https:\/\/agpnoticias.com\/news\/index.php?rest_route=%2Fwp%2Fv2%2Fcomments&post=2967165"}],"version-history":[{"count":1,"href":"https:\/\/agpnoticias.com\/news\/index.php?rest_route=\/wp\/v2\/posts\/2967165\/revisions"}],"predecessor-version":[{"id":2967167,"href":"https:\/\/agpnoticias.com\/news\/index.php?rest_route=\/wp\/v2\/posts\/2967165\/revisions\/2967167"}],"wp:featuredmedia":[{"embeddable":true,"href":"https:\/\/agpnoticias.com\/news\/index.php?rest_route=\/wp\/v2\/media\/2967166"}],"wp:attachment":[{"href":"https:\/\/agpnoticias.com\/news\/index.php?rest_route=%2Fwp%2Fv2%2Fmedia&parent=2967165"}],"wp:term":[{"taxonomy":"category","embeddable":true,"href":"https:\/\/agpnoticias.com\/news\/index.php?rest_route=%2Fwp%2Fv2%2Fcategories&post=2967165"},{"taxonomy":"post_tag","embeddable":true,"href":"https:\/\/agpnoticias.com\/news\/index.php?rest_route=%2Fwp%2Fv2%2Ftags&post=2967165"}],"curies":[{"name":"wp","href":"https:\/\/api.w.org\/{rel}","templated":true}]}}