{"id":2967329,"date":"2024-01-22T19:58:47","date_gmt":"2024-01-23T03:58:47","guid":{"rendered":"https:\/\/agpnoticias.com\/news\/?p=2967329"},"modified":"2024-01-22T19:58:49","modified_gmt":"2024-01-23T03:58:49","slug":"jesus-aguilar-mas-fluido-va-por-su-segunda-victoria-en-ufc-el-24-de-febrero-en-la-capital","status":"publish","type":"post","link":"https:\/\/agpnoticias.com\/news\/?p=2967329","title":{"rendered":"Jes\u00fas Aguilar, \u201cm\u00e1s fluido\u201c, va por su segunda victoria en UFC, el 24 de febrero en la capital"},"content":{"rendered":"\n\n\n<p class=\"p1\"><span class=\"s1\">Ensenada, Baja California.- Jes\u00fas Aguilar tendr\u00e1 su tercera pelea como parte del elenco de UFC. Ser\u00e1 el 24 de febrero en la Arena Ciudad de M\u00e9xico de la capital.<\/span><\/p>\n<p class=\"p1\"><span class=\"s1\">Su rival ser\u00e1 el brasile\u00f1o Mateus \u201cBocao\u201d Mendonca, cuyo r\u00e9cord es de 10-2, aun cuando sus dos derrotas han llegados en sus actuaciones m\u00e1s recientes, ya como peleador de la empresa UFC.<\/span><\/p>\n<p class=\"p1\"><span class=\"s1\">El ensenadense Aguilar llega tras ganar su combate previo con un nocaut inmediato (a los 17 segundos de pelea) sobre el australiano Shannon Ross, luego de perder en su debut con el japon\u00e9s Tatsuro Taira.<\/span><\/p>\n<p class=\"p1\"><span class=\"s1\">\u201cVamos por la tercera pelea en dos a\u00f1os dentro de UFC, el tiempo pasa volando y voy por esa victoria. Estoy concentrado en el campamento, cuidando cada aspecto y mejorando cada vez\u201d, coment\u00f3.<\/span><\/p>\n<p class=\"p1\"><span class=\"s1\">Por la especialidad donde se hace fuerte su pr\u00f3ximo adversario, dijo: <\/span><span class=\"s1\">\u201cHemos entrenado mucho defensa de jiu-jitsu, mi arte marcial favorita, pero no debo confirme para asegurar esa victoria. Estoy trabajando muy duro y van a verme mucho m\u00e1s fluido en mi casa, UFC\u201d.<\/span><\/p>\n<p class=\"p1\"><span class=\"s1\">Mendonca perdi\u00f3 sus dos peleas de 2023 y la m\u00e1s reciente que gan\u00f3 fue cuando obtuvo el contrato al ganar un combate dentro del reality Dana White Conteder Series, en septiembre de 2022.<\/span><\/p>\n<p class=\"p1\"><span class=\"s1\">\u201cTenemos un r\u00e9cord muy similar, pero tengo m\u00e1s experiencia que \u00e9l, ya con 13 a\u00f1os peleando. En esta ocasi\u00f3n he tenido m\u00e1s de 10 semanas con el contrato firmado y me ha permitido prepararme muy bien estudiando todo y trabajando en base a ello\u201d.<\/span><\/p>\n<p class=\"p1\"><span class=\"s1\">Del trabajo a realizar en tanto llega la pelea, precis\u00f3 que viajar\u00e1 al centro del pa\u00eds. \u201cVamos a trabajar altura y estar aclimatados. He trabajado cardio a todo lo que da y s\u00e9 que no me pegar\u00e1 la altura porque soy una persona muy saludable\u201d.<\/span><\/p>\n<p class=\"p1\"><span class=\"s1\">En UFC Fight Night 237 tambi\u00e9n participar\u00e1n los mexicanos Yair \u201cPantera\u201d Rodr\u00edguez, Brandon Moreno, Yazm\u00edn J\u00e1uregui y \u00c9dgar Chairez.<\/span><\/p>\n","protected":false},"excerpt":{"rendered":"","protected":false},"author":1,"featured_media":2967330,"comment_status":"closed","ping_status":"closed","sticky":false,"template":"","format":"standard","meta":{"footnotes":""},"categories":[581,1151,1152],"tags":[595],"class_list":["post-2967329","post","type-post","status-publish","format-standard","has-post-thumbnail","hentry","category-artes-marciales","category-portada","category-editor-seleccion","tag-destacado"],"_links":{"self":[{"href":"https:\/\/agpnoticias.com\/news\/index.php?rest_route=\/wp\/v2\/posts\/2967329","targetHints":{"allow":["GET"]}}],"collection":[{"href":"https:\/\/agpnoticias.com\/news\/index.php?rest_route=\/wp\/v2\/posts"}],"about":[{"href":"https:\/\/agpnoticias.com\/news\/index.php?rest_route=\/wp\/v2\/types\/post"}],"author":[{"embeddable":true,"href":"https:\/\/agpnoticias.com\/news\/index.php?rest_route=\/wp\/v2\/users\/1"}],"replies":[{"embeddable":true,"href":"https:\/\/agpnoticias.com\/news\/index.php?rest_route=%2Fwp%2Fv2%2Fcomments&post=2967329"}],"version-history":[{"count":1,"href":"https:\/\/agpnoticias.com\/news\/index.php?rest_route=\/wp\/v2\/posts\/2967329\/revisions"}],"predecessor-version":[{"id":2967331,"href":"https:\/\/agpnoticias.com\/news\/index.php?rest_route=\/wp\/v2\/posts\/2967329\/revisions\/2967331"}],"wp:featuredmedia":[{"embeddable":true,"href":"https:\/\/agpnoticias.com\/news\/index.php?rest_route=\/wp\/v2\/media\/2967330"}],"wp:attachment":[{"href":"https:\/\/agpnoticias.com\/news\/index.php?rest_route=%2Fwp%2Fv2%2Fmedia&parent=2967329"}],"wp:term":[{"taxonomy":"category","embeddable":true,"href":"https:\/\/agpnoticias.com\/news\/index.php?rest_route=%2Fwp%2Fv2%2Fcategories&post=2967329"},{"taxonomy":"post_tag","embeddable":true,"href":"https:\/\/agpnoticias.com\/news\/index.php?rest_route=%2Fwp%2Fv2%2Ftags&post=2967329"}],"curies":[{"name":"wp","href":"https:\/\/api.w.org\/{rel}","templated":true}]}}