{"id":2967403,"date":"2024-01-24T09:59:48","date_gmt":"2024-01-24T17:59:48","guid":{"rendered":"https:\/\/agpnoticias.com\/news\/?p=2967403"},"modified":"2024-01-24T09:59:50","modified_gmt":"2024-01-24T17:59:50","slug":"chivas-confirma-el-regreso-de-chicharito","status":"publish","type":"post","link":"https:\/\/agpnoticias.com\/news\/?p=2967403","title":{"rendered":"Chivas confirma el regreso de Chicharito"},"content":{"rendered":"\n<p>Guadalajara, Jalisco.-<em> \u00a1ChivaHermanos, es oficial! Javier \u2018Chicharito\u2019 Hern\u00e1ndez regresa al equipo de sus amores para el Clausura 2024. Estamos convencidos de que su cari\u00f1o por la instituci\u00f3n, la experiencia adquirida durante su exitosa trayectoria y el liderazgo que le caracterizan se ver\u00e1n reflejados en esta nueva etapa con Chivas.<\/em><\/p>\n<p>As\u00ed informa Chivas el regreso del delantero ex Manchester United y Real Madrid, entre otros.<\/p>\n<p>El perfil de Javier Hern\u00e1ndez:<br \/>&#8211; Es centro delantero.<br \/>&#8211; Tiene 35 a\u00f1os de edad y naci\u00f3 en Guadalajara, Jalisco.<br \/>&#8211; Es el m\u00e1ximo anotador en la historia de la Selecci\u00f3n Mexicana con 52 goles.<br \/>&#8211; Es formado en la Cantera Rojiblanca.<br \/>&#8211; Marc\u00f3 127 goles en Europa.<\/p>\n<p>\u00bfCu\u00e1l es su trayectoria?<br \/>&#8211; Javier debut\u00f3 en Chivas en el 2006 y desde entonces se supo que ten\u00eda algo especial, pues en su presentaci\u00f3n como profesional le marc\u00f3 un golazo al Necaxa.<br \/>&#8211; Se fue vendido al Manchester United, donde jug\u00f3 varios a\u00f1os y fue Campe\u00f3n de Premier League. Tambi\u00e9n jug\u00f3 una final de Champions.<br \/>&#8211; Tras su paso por Inglaterra, Hern\u00e1ndez lleg\u00f3 al Real Madrid, con el que fue Campe\u00f3n del Mundial de Clubes.<br \/>&#8211; Tras su etapa como merengue, se march\u00f3 a la Bundesliga para enfilarse con el Bayern Leverkusen, donde marc\u00f3 varios goles y tambi\u00e9n se convirti\u00f3 en figura.<br \/>&#8211; Su \u00faltima etapa en Europa la vivi\u00f3 con el West Ham y el Sevilla. Incluso fue parte del plantel sevillano que gan\u00f3 la Europa League del 2020.<br \/>&#8211; Su \u00faltimo equipo fue el Galaxy de Los \u00c1ngeles de la MLS.<\/p>\n<p>\u00bfCu\u00e1les son sus caracter\u00edsticas como jugador?<br \/>&#8211; Es un genio desmarc\u00e1ndose, ya que es capaz de generarle ventajas a toda la estructura ofensiva con sus movimientos agresivos.<br \/>&#8211; Su remate es fant\u00e1stico. Tiene una cantidad incalculable de recursos para finalizar acciones, lo demostr\u00f3 en cada equipo que jug\u00f3.<br \/>&#8211; A ra\u00edz de su estancia en Alemania mejor\u00f3 much\u00edsimo su juego de apoyos. Es muy bueno saliendo del \u00e1rea para incorporarse a la din\u00e1mica con bal\u00f3n.<\/p>\n<p>\u00bfQu\u00e9 le aportar\u00e1 al Guadalajara?<br \/>&#8211; M\u00e1s all\u00e1 de los temas extracancha en los que sumar\u00e1 toda su experiencia y liderazgo, Javier Hern\u00e1ndez tiene cosas que no caducan: calidad individual e interpretaci\u00f3n del juego. Es capaz de condicionar de cualquier manera y qued\u00f3 demostrado en el Galaxy, que fue su m\u00e1s reciente equipo.<br \/>&#8211; Javier es una leyenda que sigue activa, con un trabajo f\u00edsico envidiable y unas ganas inmensas de levantar una Copa con el Reba\u00f1o, por lo que estamos convencidos de que es un refuerzo de lujo.<\/p>\n<p>Los n\u00fameros de Javier Hern\u00e1ndez<br \/>&#8211; 617 partidos jugados<br \/>&#8211; 258 goles (11 en Liga de Ascenso)<br \/>&#8211; 29 goles con Chivas (3 de ellos en Copa Libertadores)<br \/>&#8211; Campe\u00f3n de Liga MX en 2006<br \/>&#8211; 2 t\u00edtulos de Premier League (2010-2011 y 2012-2013)<br \/>&#8211; 3 Community Shield (2010, 2011 y 2013)<br \/>&#8211; Mundial de Clubes de 2014<br \/>&#8211; Copa Oro de 2011<\/p>\n","protected":false},"excerpt":{"rendered":"","protected":false},"author":1,"featured_media":2967404,"comment_status":"closed","ping_status":"closed","sticky":false,"template":"","format":"standard","meta":{"footnotes":""},"categories":[32,1081,1151,1152],"tags":[595],"class_list":["post-2967403","post","type-post","status-publish","format-standard","has-post-thumbnail","hentry","category-soccer","category-liga-mx","category-portada","category-editor-seleccion","tag-destacado"],"_links":{"self":[{"href":"https:\/\/agpnoticias.com\/news\/index.php?rest_route=\/wp\/v2\/posts\/2967403","targetHints":{"allow":["GET"]}}],"collection":[{"href":"https:\/\/agpnoticias.com\/news\/index.php?rest_route=\/wp\/v2\/posts"}],"about":[{"href":"https:\/\/agpnoticias.com\/news\/index.php?rest_route=\/wp\/v2\/types\/post"}],"author":[{"embeddable":true,"href":"https:\/\/agpnoticias.com\/news\/index.php?rest_route=\/wp\/v2\/users\/1"}],"replies":[{"embeddable":true,"href":"https:\/\/agpnoticias.com\/news\/index.php?rest_route=%2Fwp%2Fv2%2Fcomments&post=2967403"}],"version-history":[{"count":1,"href":"https:\/\/agpnoticias.com\/news\/index.php?rest_route=\/wp\/v2\/posts\/2967403\/revisions"}],"predecessor-version":[{"id":2967405,"href":"https:\/\/agpnoticias.com\/news\/index.php?rest_route=\/wp\/v2\/posts\/2967403\/revisions\/2967405"}],"wp:featuredmedia":[{"embeddable":true,"href":"https:\/\/agpnoticias.com\/news\/index.php?rest_route=\/wp\/v2\/media\/2967404"}],"wp:attachment":[{"href":"https:\/\/agpnoticias.com\/news\/index.php?rest_route=%2Fwp%2Fv2%2Fmedia&parent=2967403"}],"wp:term":[{"taxonomy":"category","embeddable":true,"href":"https:\/\/agpnoticias.com\/news\/index.php?rest_route=%2Fwp%2Fv2%2Fcategories&post=2967403"},{"taxonomy":"post_tag","embeddable":true,"href":"https:\/\/agpnoticias.com\/news\/index.php?rest_route=%2Fwp%2Fv2%2Ftags&post=2967403"}],"curies":[{"name":"wp","href":"https:\/\/api.w.org\/{rel}","templated":true}]}}