{"id":2967976,"date":"2024-02-01T21:16:10","date_gmt":"2024-02-02T05:16:10","guid":{"rendered":"https:\/\/agpnoticias.com\/news\/?p=2967976"},"modified":"2024-02-01T21:16:12","modified_gmt":"2024-02-02T05:16:12","slug":"ericka-y-armando-luque-clasificados-al-centroamericano-de-karate","status":"publish","type":"post","link":"https:\/\/agpnoticias.com\/news\/?p=2967976","title":{"rendered":"Ericka y Armando Luque clasificados al centroamericano de Karate"},"content":{"rendered":"\n<p>Oaxtepec, Morelos.- Con grandes actuaciones, los karatecas bajacalifornianos, Armando y Ericka Luque, se coronaron en el Selectivo Nacional de Karate celebrado del 25 al 28 de enero en Oaxtepec Morelos, evento que fue clasificatorio para participar en el XXIII Campeonato Senior y XII U14, Cadete, Junior y Sub 21 Centroamericano y del Caribe 2024.<\/p>\n<p>Ambos obtuvieron la clasificaci\u00f3n al evento centroamericano despu\u00e9s de lograr salir airosos en sus combates de categor\u00eda senior, Armando gan\u00f3 la divisi\u00f3n de los -67 kilogramos y Ericka se impuso en -61 kilogramos. <\/p>\n<p>\u201cEs el primer evento del a\u00f1o y estoy contento con el resultado, fueron combates intensos con oponentes que no hab\u00eda peleado, sab\u00eda que ser\u00eda as\u00ed, por eso nos mantuvimos entrenando ma\u00f1ana y tarde junto a los entrenadores Rams\u00e9s y Estefan\u00eda. Me siento feliz y motivado para encarar el evento centroamericano\u201d, se\u00f1al\u00f3 Armando Luque.<\/p>\n<p>Por su parte, los atletas del Estado 29 tambi\u00e9n lograron grandes victorias con las medallas de oro conseguidas por Diego Amano Arellano en categor\u00eda cadetes y Diva Quintero en modalidad por equipos. Adem\u00e1s, \u00c9dgar Garc\u00eda, alcanz\u00f3 la medalla de bronce en modalidad por equipos.<\/p>\n<p>El XXIII Campeonato Senior y XII U14, Cadete, Junior y Sub 21 Centroamericano y del Caribe 2024 se realizar\u00e1 en Managua, Nicaragua del 18 al 24 de marzo de 2024.<\/p>\n<p><strong>Resultados de bajacalifornianos en el Selectivo Nacional de Karate<\/strong><\/p>\n<p>Diego Amano Arellano: Medalla de oro en categor\u00eda cadetes.<br \/>Armando Luque: Medalla de oro en categor\u00eda senior y bronce por equipos. <br \/>Ericka Luque: Medalla de oro en categor\u00eda senior y medalla de oro por equipo.<br \/>Diva Quintero: Medalla de oro por equipo.<br \/>Edgar Garc\u00eda: Medalla de bronce por equipo.<\/p>\n<p><em>Informaci\u00f3n: INDEBC.<\/em><\/p>\n","protected":false},"excerpt":{"rendered":"","protected":false},"author":1,"featured_media":2967977,"comment_status":"closed","ping_status":"closed","sticky":false,"template":"","format":"standard","meta":{"footnotes":""},"categories":[581,73,1151],"tags":[],"class_list":["post-2967976","post","type-post","status-publish","format-standard","has-post-thumbnail","hentry","category-artes-marciales","category-deportebajacalifornia","category-portada"],"_links":{"self":[{"href":"https:\/\/agpnoticias.com\/news\/index.php?rest_route=\/wp\/v2\/posts\/2967976","targetHints":{"allow":["GET"]}}],"collection":[{"href":"https:\/\/agpnoticias.com\/news\/index.php?rest_route=\/wp\/v2\/posts"}],"about":[{"href":"https:\/\/agpnoticias.com\/news\/index.php?rest_route=\/wp\/v2\/types\/post"}],"author":[{"embeddable":true,"href":"https:\/\/agpnoticias.com\/news\/index.php?rest_route=\/wp\/v2\/users\/1"}],"replies":[{"embeddable":true,"href":"https:\/\/agpnoticias.com\/news\/index.php?rest_route=%2Fwp%2Fv2%2Fcomments&post=2967976"}],"version-history":[{"count":1,"href":"https:\/\/agpnoticias.com\/news\/index.php?rest_route=\/wp\/v2\/posts\/2967976\/revisions"}],"predecessor-version":[{"id":2967978,"href":"https:\/\/agpnoticias.com\/news\/index.php?rest_route=\/wp\/v2\/posts\/2967976\/revisions\/2967978"}],"wp:featuredmedia":[{"embeddable":true,"href":"https:\/\/agpnoticias.com\/news\/index.php?rest_route=\/wp\/v2\/media\/2967977"}],"wp:attachment":[{"href":"https:\/\/agpnoticias.com\/news\/index.php?rest_route=%2Fwp%2Fv2%2Fmedia&parent=2967976"}],"wp:term":[{"taxonomy":"category","embeddable":true,"href":"https:\/\/agpnoticias.com\/news\/index.php?rest_route=%2Fwp%2Fv2%2Fcategories&post=2967976"},{"taxonomy":"post_tag","embeddable":true,"href":"https:\/\/agpnoticias.com\/news\/index.php?rest_route=%2Fwp%2Fv2%2Ftags&post=2967976"}],"curies":[{"name":"wp","href":"https:\/\/api.w.org\/{rel}","templated":true}]}}