{"id":2968335,"date":"2024-02-08T07:12:05","date_gmt":"2024-02-08T15:12:05","guid":{"rendered":"https:\/\/agpnoticias.com\/news\/?p=2968335"},"modified":"2024-02-08T07:12:18","modified_gmt":"2024-02-08T15:12:18","slug":"entrega-alcalde-armando-ayala-mas-de-300-apoyos-sociales-a-familias-del-fraccionamiento-del-sol","status":"publish","type":"post","link":"https:\/\/agpnoticias.com\/news\/?p=2968335","title":{"rendered":"Entrega alcalde Armando Ayala m\u00e1s de 300 apoyos sociales a familias del fraccionamiento Del Sol"},"content":{"rendered":"\n<p>Ensenada, Baja California.- M\u00e1s de 300 apoyos sociales fueron entregados por el alcalde Armando Ayala Robles en una jornada realizada en el fraccionamiento Del Sol, ubicado en el sector poniente de la ciudad.<\/p>\n<p>En compa\u00f1\u00eda de la diputada estatal Claudia Agat\u00f3n Mu\u00f1iz, el presidente entreg\u00f3 casa por casa: despensas, cobijas, lonas de uso rudo, vales para minita de gas y balones de futbol, entre otros art\u00edculos.<\/p>\n<p>Armando Ayala explic\u00f3 que, debido a las lluvias registradas en los \u00faltimos d\u00edas, las jornadas sociales se realizar\u00e1n directamente en las zonas del municipio que registren mayor afectaci\u00f3n, principalmente en la periferia de la ciudad y las delegaciones.<\/p>\n<p>Resalt\u00f3 que, tambi\u00e9n se est\u00e1n evaluando los da\u00f1os registrados en algunas colonias, para -a la brevedad- poner en marcha acciones de rehabilitaci\u00f3n de accesos y vialidades de terracer\u00eda; actividades de limpieza; atenci\u00f3n y\/o canalizaci\u00f3n de solicitudes efectuadas por la ciudadan\u00eda.<\/p>\n<p>\u201cAgradecemos el apoyo de la gobernadora Marina del Pilar \u00c1vila Olmeda, quien est\u00e1 al tanto de las necesidades que enfrentan las familias ensenadenses, y env\u00eda apoyos para distribuirlos en las zonas con mayor vulnerabilidad\u201d, expres\u00f3 el primer edil.<\/p>\n<p>Claudia Agat\u00f3n reconoci\u00f3 la respuesta oportuna del alcalde y la gobernadora a las peticiones de la poblaci\u00f3n, especialmente de madres, padres y adultos mayores que diariamente salen a buscar el sustento para los suyos.<\/p>\n<p>De igual manera, se comprometi\u00f3 a acercar apoyos como, materiales para mejoramiento de vivienda y canalizar a dependencias de otros niveles de gobierno, solicitudes para piso firme y programas sociales.<\/p>\n<p>\u201cLas lluvias no s\u00f3lo afectan las vialidades o las viviendas, afectan la econom\u00eda de quienes no tienen un trabajo fijo y tienen que salir a procurar el bienestar de sus familias. Vamos a seguir trabajando tanto en la gesti\u00f3n de recursos como en la entrega de apoyos a quienes realmente lo necesitan\u201d, afirm\u00f3 la diputada.<\/p>\n<p>El director de Bienestar Social, Eduardo Vega Zamora indic\u00f3 que desde la semana pasada en que se registr\u00f3 el primer temporal, se han redoblado acciones para atender en forma oportuna las peticiones efectuadas por familias que residen en zonas de dif\u00edcil acceso y\/o en viviendas hechas con madera, l\u00e1mina o cart\u00f3n.<\/p>\n<p>Se\u00f1al\u00f3 que, aunado a la distribuci\u00f3n casa por casa de despensas, lonas, cobijas y vales para minita de gas, se obsequiaron boletos para la funci\u00f3n especial del Circo de las Estrellas, enmarcada en los eventos del Carnaval Conmemorativo de Ensenada 2024, que tendr\u00e1 lugar el s\u00e1bado 10 de febrero.<\/p>\n<p>Asimismo, V\u00edctor Gonz\u00e1lez Vel\u00e1zquez, director del Instituto Municipal del Deporte y Recreaci\u00f3n de Ensenada (Inmudere), a\u00f1adi\u00f3 que se entregaron balones de futbol entre la ni\u00f1ez y juventudes del fraccionamiento, en donde pr\u00f3ximamente se organizar\u00e1n actividades para fomentar el deporte y el sano esparcimiento.<\/p>\n<p>En nombre de las familias beneficiadas, Irene expres\u00f3 su agradecimiento al presidente Armando Ayala, a la gobernadora Marina del Pilar y a la diputada Claudia Agat\u00f3n, por mantenerse cercanos y atender las necesidades m\u00e1s urgentes de poblaci\u00f3n de escasos recursos.<\/p>\n<p>Participaron en la jornada: Oralia Tinoco Gonz\u00e1lez, directora de DIF Ensenada; Patricia Reyes Hern\u00e1ndez, jefa de Atenci\u00f3n Ciudadana; y, Refugio Valenzuela Coronado, coordinador operativo de Bienestar, entre otros funcionarios.<\/p>\n","protected":false},"excerpt":{"rendered":"","protected":false},"author":1,"featured_media":2968336,"comment_status":"closed","ping_status":"closed","sticky":false,"template":"","format":"standard","meta":{"footnotes":""},"categories":[1],"tags":[],"class_list":["post-2968335","post","type-post","status-publish","format-standard","has-post-thumbnail","hentry","category-uncategorized"],"_links":{"self":[{"href":"https:\/\/agpnoticias.com\/news\/index.php?rest_route=\/wp\/v2\/posts\/2968335","targetHints":{"allow":["GET"]}}],"collection":[{"href":"https:\/\/agpnoticias.com\/news\/index.php?rest_route=\/wp\/v2\/posts"}],"about":[{"href":"https:\/\/agpnoticias.com\/news\/index.php?rest_route=\/wp\/v2\/types\/post"}],"author":[{"embeddable":true,"href":"https:\/\/agpnoticias.com\/news\/index.php?rest_route=\/wp\/v2\/users\/1"}],"replies":[{"embeddable":true,"href":"https:\/\/agpnoticias.com\/news\/index.php?rest_route=%2Fwp%2Fv2%2Fcomments&post=2968335"}],"version-history":[{"count":1,"href":"https:\/\/agpnoticias.com\/news\/index.php?rest_route=\/wp\/v2\/posts\/2968335\/revisions"}],"predecessor-version":[{"id":2968337,"href":"https:\/\/agpnoticias.com\/news\/index.php?rest_route=\/wp\/v2\/posts\/2968335\/revisions\/2968337"}],"wp:featuredmedia":[{"embeddable":true,"href":"https:\/\/agpnoticias.com\/news\/index.php?rest_route=\/wp\/v2\/media\/2968336"}],"wp:attachment":[{"href":"https:\/\/agpnoticias.com\/news\/index.php?rest_route=%2Fwp%2Fv2%2Fmedia&parent=2968335"}],"wp:term":[{"taxonomy":"category","embeddable":true,"href":"https:\/\/agpnoticias.com\/news\/index.php?rest_route=%2Fwp%2Fv2%2Fcategories&post=2968335"},{"taxonomy":"post_tag","embeddable":true,"href":"https:\/\/agpnoticias.com\/news\/index.php?rest_route=%2Fwp%2Fv2%2Ftags&post=2968335"}],"curies":[{"name":"wp","href":"https:\/\/api.w.org\/{rel}","templated":true}]}}