{"id":2968502,"date":"2024-02-12T12:23:29","date_gmt":"2024-02-12T20:23:29","guid":{"rendered":"https:\/\/agpnoticias.com\/news\/?p=2968502"},"modified":"2024-02-12T12:23:51","modified_gmt":"2024-02-12T20:23:51","slug":"tragico-deceso-del-atleta-keniano-kelvin-kiptum","status":"publish","type":"post","link":"https:\/\/agpnoticias.com\/news\/?p=2968502","title":{"rendered":"Tr\u00e1gico deceso del atleta keniano Kelvin Kiptum"},"content":{"rendered":"\n\n\n<p>Nairobi, Kenia.- La muerte del joven atleta keniano Kelvin Kiptum, plusmarquista mundial de marat\u00f3n, en un accidente de trafico este domingo caus\u00f3 hoy una enorme conmoci\u00f3n en Kenia, que reaccion\u00f3 con numerosas muestras de consternaci\u00f3n y tributos tras el deceso.\u00a0<\/p>\n<p>El joven deportista falleci\u00f3 junto a su entrenador, el ruand\u00e9s Gervais Hakizimana, en un accidente de tr\u00e1fico en la carretera que une Eldoret con Kaptagat, en el oeste de Kenia, en un coche que conduc\u00eda el propio atleta.<\/p>\n<p>El padre del atleta pidi\u00f3 al Gobierno de Kenia que investigue las circunstancias de la muerte de su hijo.<\/p>\n<p>\u201cHab\u00eda algunas personas que llegaron hace unos d\u00edas buscando a Kiptum, pero se negaron a identificarse. Les ped\u00ed que me presentasen alguna identificaci\u00f3n, pero optaron por marcharse\u201d, dijo el padre del atleta, Samson Cheruiyot, en declaraciones recogidas por los medios locales.<\/p>\n<p>\u201cKiptum era mi \u00fanico hijo. Nos ha dejado a m\u00ed, a su madre y a sus hijos. (\u2026) Estoy profundamente entristecido\u201d, a\u00f1adi\u00f3 Cheruiyot.<\/p>\n<p>Emocionado, se\u00f1al\u00f3 que su hijo le garantiz\u00f3 la \u00faltima vez que hablaron que se sent\u00eda bien y que estaba preparado para batir de nuevo el r\u00e9cord de marat\u00f3n, bajando de las dos horas.<\/p>\n<p><em>Informaci\u00f3n: EFE.<\/em><\/p>\n","protected":false},"excerpt":{"rendered":"","protected":false},"author":1,"featured_media":2968503,"comment_status":"closed","ping_status":"closed","sticky":false,"template":"","format":"standard","meta":{"footnotes":""},"categories":[1,31,1151],"tags":[],"class_list":["post-2968502","post","type-post","status-publish","format-standard","has-post-thumbnail","hentry","category-uncategorized","category-atletismo","category-portada"],"_links":{"self":[{"href":"https:\/\/agpnoticias.com\/news\/index.php?rest_route=\/wp\/v2\/posts\/2968502","targetHints":{"allow":["GET"]}}],"collection":[{"href":"https:\/\/agpnoticias.com\/news\/index.php?rest_route=\/wp\/v2\/posts"}],"about":[{"href":"https:\/\/agpnoticias.com\/news\/index.php?rest_route=\/wp\/v2\/types\/post"}],"author":[{"embeddable":true,"href":"https:\/\/agpnoticias.com\/news\/index.php?rest_route=\/wp\/v2\/users\/1"}],"replies":[{"embeddable":true,"href":"https:\/\/agpnoticias.com\/news\/index.php?rest_route=%2Fwp%2Fv2%2Fcomments&post=2968502"}],"version-history":[{"count":2,"href":"https:\/\/agpnoticias.com\/news\/index.php?rest_route=\/wp\/v2\/posts\/2968502\/revisions"}],"predecessor-version":[{"id":2968505,"href":"https:\/\/agpnoticias.com\/news\/index.php?rest_route=\/wp\/v2\/posts\/2968502\/revisions\/2968505"}],"wp:featuredmedia":[{"embeddable":true,"href":"https:\/\/agpnoticias.com\/news\/index.php?rest_route=\/wp\/v2\/media\/2968503"}],"wp:attachment":[{"href":"https:\/\/agpnoticias.com\/news\/index.php?rest_route=%2Fwp%2Fv2%2Fmedia&parent=2968502"}],"wp:term":[{"taxonomy":"category","embeddable":true,"href":"https:\/\/agpnoticias.com\/news\/index.php?rest_route=%2Fwp%2Fv2%2Fcategories&post=2968502"},{"taxonomy":"post_tag","embeddable":true,"href":"https:\/\/agpnoticias.com\/news\/index.php?rest_route=%2Fwp%2Fv2%2Ftags&post=2968502"}],"curies":[{"name":"wp","href":"https:\/\/api.w.org\/{rel}","templated":true}]}}