{"id":2968544,"date":"2024-02-13T17:27:19","date_gmt":"2024-02-14T01:27:19","guid":{"rendered":"https:\/\/agpnoticias.com\/news\/?p=2968544"},"modified":"2024-02-13T17:27:22","modified_gmt":"2024-02-14T01:27:22","slug":"esto-debes-saber-del-medio-maraton-de-mexicali","status":"publish","type":"post","link":"https:\/\/agpnoticias.com\/news\/?p=2968544","title":{"rendered":"Esto debes saber del Medio Marat\u00f3n de Mexicali"},"content":{"rendered":"\n<p><span style=\"font-size: revert;\">Ensenada, Baja California.- en la sala de juntas del Instituto Municipal del Deporte y Recreaci\u00f3n de Ensenada (Inmudere), se realiz\u00f3 la presentaci\u00f3n del cuadrag\u00e9simo tercer Medio Marat\u00f3n de la ciudad de Mexicali.<\/span><\/p>\n<p><a href=\"https:\/\/agpnoticias.com\/news\/?attachment_id=2968546\" rel=\"attachment wp-att-2968546\"><img fetchpriority=\"high\" decoding=\"async\" class=\"aligncenter size-full wp-image-2968546\" src=\"https:\/\/agpnoticias.com\/news\/wp-content\/uploads\/2024\/02\/fec026db-9c5c-43b3-8c94-614576f66127.jpeg\" alt=\"\" width=\"1200\" height=\"797\" srcset=\"https:\/\/agpnoticias.com\/news\/wp-content\/uploads\/2024\/02\/fec026db-9c5c-43b3-8c94-614576f66127.jpeg 1200w, https:\/\/agpnoticias.com\/news\/wp-content\/uploads\/2024\/02\/fec026db-9c5c-43b3-8c94-614576f66127-1024x680.jpeg 1024w\" sizes=\"(max-width: 1200px) 100vw, 1200px\" \/><\/a><\/p>\n<p>V\u00edctor Octavio Gonz\u00e1lez Vel\u00e1zquez, director general del Inmudere, dio la bienvenida a Valerio III Camargo Garc\u00eda y Jes\u00fas Alberto Lozano Rivera, director del Instituto Municipal del Deporte y la Cultura F\u00edsica de Mexicali (Imdecuf) y coordinador el 43 Medio Marat\u00f3n de Mexicali, respectivamente.<br \/>El evento y premiaci\u00f3n, se llevar\u00e1n a cabo el domingo 3 de marzo a partir de las siete de la ma\u00f1ana, en la Calzada Independencia frente al Palacio Municipal (Centro C\u00edvico) de la capital del estado.<\/p>\n<p><a href=\"https:\/\/agpnoticias.com\/news\/?attachment_id=2968547\" rel=\"attachment wp-att-2968547\"><img decoding=\"async\" class=\"aligncenter size-full wp-image-2968547\" src=\"https:\/\/agpnoticias.com\/news\/wp-content\/uploads\/2024\/02\/28cb38c5-2b69-41aa-86a1-12d1a429cfe1.jpeg\" alt=\"\" width=\"797\" height=\"1200\" \/><\/a><br \/>\u201cB\u00e1sicamente son dos los temas que nos traen a Ensenada, uno de ellos, compartir a personal de Inmudere y profesores de educaci\u00f3n f\u00edsica nuestra experiencia con el programa Cambiando H\u00e1bitos, que es de prevenci\u00f3n, recreaci\u00f3n y principalmente salud, el cual se implement\u00f3 hace dos a\u00f1os con \u00e9xito\u201d, inform\u00f3 Camargo Garc\u00eda.<br \/>Asimismo, explic\u00f3 que, \u201cest\u00e1 dirigido a todos los sectores de la poblaci\u00f3n de Mexicali, aunque enfocado en las edades tempranas, preescolar y primeros a\u00f1os de primaria, y dentro de este programa, tenemos nuestro Medio Marat\u00f3n con motivo del 121 aniversario de la ciudad\u201d.<br \/>\u201cEl a\u00f1o pasado limitamos la inscripci\u00f3n a 1 mil 500 corredores, cantidad que alcanzamos una semana antes de la fecha marcada, por tal motivo, ahora para 2024 crecimos a 2 mil; para el corte del s\u00e1bado est\u00e1bamos cerca de los 1 mil 200 inscritos\u201d, se\u00f1al\u00f3.<br \/>En esta ocasi\u00f3n, agreg\u00f3, \u201caumentamos la cantidad de premiados para mexicalenses \u2013 10 primeros varoniles y femeniles- y premiaci\u00f3n general a cerca de 300 mil pesos, de los que unos 120 mil se repartir\u00e1n entre los tres primeros lugares de ambas ramas\u201d.<br \/>\u201cLa salida es en el Centro C\u00edvico de Mexicali, justo frente a la Casa Municipal y la ruta es la misma, recorriendo las diferentes calles de la ciudad\u201d, expuso.<br \/>Por \u00faltimo, dio a conocer que el Imdecuf se har\u00e1 cargo de los gastos por conceptos de registro, cena y hospedaje del mejor corredor y corredora del puerto, quienes ser\u00e1 designados, en conjunto, por la Liga Municipal de Atletismo y Serial Atl\u00e9tico de Ensenada.<br \/>Mientras que Inmudere se comprometi\u00f3 a patrocinar la unidad que trasladar\u00e1 a alrededor de 40 participantes locales.<br \/>Las inscripciones pueden hacerse a trav\u00e9s de redes sociales -Facebook e Instagram- del Instituto Municipal del Deporte y la Cultura F\u00edsica de Mexicali (Imdecuf).<\/p>\n","protected":false},"excerpt":{"rendered":"","protected":false},"author":1,"featured_media":2968545,"comment_status":"closed","ping_status":"closed","sticky":false,"template":"","format":"standard","meta":{"footnotes":""},"categories":[31,1151],"tags":[],"class_list":["post-2968544","post","type-post","status-publish","format-standard","has-post-thumbnail","hentry","category-atletismo","category-portada"],"_links":{"self":[{"href":"https:\/\/agpnoticias.com\/news\/index.php?rest_route=\/wp\/v2\/posts\/2968544","targetHints":{"allow":["GET"]}}],"collection":[{"href":"https:\/\/agpnoticias.com\/news\/index.php?rest_route=\/wp\/v2\/posts"}],"about":[{"href":"https:\/\/agpnoticias.com\/news\/index.php?rest_route=\/wp\/v2\/types\/post"}],"author":[{"embeddable":true,"href":"https:\/\/agpnoticias.com\/news\/index.php?rest_route=\/wp\/v2\/users\/1"}],"replies":[{"embeddable":true,"href":"https:\/\/agpnoticias.com\/news\/index.php?rest_route=%2Fwp%2Fv2%2Fcomments&post=2968544"}],"version-history":[{"count":2,"href":"https:\/\/agpnoticias.com\/news\/index.php?rest_route=\/wp\/v2\/posts\/2968544\/revisions"}],"predecessor-version":[{"id":2968549,"href":"https:\/\/agpnoticias.com\/news\/index.php?rest_route=\/wp\/v2\/posts\/2968544\/revisions\/2968549"}],"wp:featuredmedia":[{"embeddable":true,"href":"https:\/\/agpnoticias.com\/news\/index.php?rest_route=\/wp\/v2\/media\/2968545"}],"wp:attachment":[{"href":"https:\/\/agpnoticias.com\/news\/index.php?rest_route=%2Fwp%2Fv2%2Fmedia&parent=2968544"}],"wp:term":[{"taxonomy":"category","embeddable":true,"href":"https:\/\/agpnoticias.com\/news\/index.php?rest_route=%2Fwp%2Fv2%2Fcategories&post=2968544"},{"taxonomy":"post_tag","embeddable":true,"href":"https:\/\/agpnoticias.com\/news\/index.php?rest_route=%2Fwp%2Fv2%2Ftags&post=2968544"}],"curies":[{"name":"wp","href":"https:\/\/api.w.org\/{rel}","templated":true}]}}