{"id":2969467,"date":"2024-03-17T12:45:39","date_gmt":"2024-03-17T19:45:39","guid":{"rendered":"https:\/\/agpnoticias.com\/news\/?p=2969467"},"modified":"2024-03-17T12:45:40","modified_gmt":"2024-03-17T19:45:40","slug":"unanimidad-nueva-directiva-en-la-asociacion-de-softbol-bc","status":"publish","type":"post","link":"https:\/\/agpnoticias.com\/news\/?p=2969467","title":{"rendered":"Unanimidad: Nueva directiva en la asociaci\u00f3n de softbol BC"},"content":{"rendered":"\n<p>Mexicali, Baja California.- El mexicalense Arturo Solano ha sido electo por unanimidad como el presidente del Consejo Directivo de la Asociaci\u00f3n Estatal de Softbol Mixto de Baja California, este s\u00e1bado en la asamblea reconocida por la Federaci\u00f3n Mexicana de Softbol (FMS).<\/p>\n<p>En la Sala de Exposici\u00f3n del INDE, el Secretario de la FMS, Carlos David Viramontes Arzate, presidi\u00f3 la asamblea donde Arturo Solano recibi\u00f3 la confianza para dirigir la nueva Asociaci\u00f3n Estatal de Softbol Mixto por el periodo 2024-2028.<\/p>\n<p>Bajo el lema de \u201cTodos Unidos por el Softbol y B\u00e9isbol 5 de BC\u201d, el ex mundialista de softbol asumi\u00f3 las riendas de la \u201cpelota blanda\u201d en el Estado 29, con el aval de la FMS, que dirige Rolando Guerrero.<\/p>\n<p>De acuerdo a la \u201cPlanilla Guinda\u201d, Arturo Solano tendr\u00e1 como primer vicepresidente a Mario P\u00e9rez Le\u00f3n y como segundo a P\u00e1nfilo Valdez Niebla, ambos de extraordinaria trayectoria como softbolistas en el plano nacional e internacional.<\/p>\n<p>En el nuevo Consejo Directivo tambi\u00e9n estar\u00e1n Flor Imperial, en la funci\u00f3n de secretaria; Fernanda Armenta, de tesorera; Eduardo Frem Zavala, de comisario; y Francisco Javier Hern\u00e1ndez, de vocal directivo.<\/p>\n<p>Las ligas que han depositado su confianza en el nuevo Consejo Directivo del softbol de Baja California, son el DUM con el presidente Jos\u00e9 Luis \u201cChich\u00ed\u201d Alba; la Liga Magisterial de Softbol de Mexicali, con Bernardo P\u00e9rez.<\/p>\n<p>La Liga Rural del Valle, con Julio Cesar Cabrera; la Liga Premier de Tecate, con Francisco Javier Hern\u00e1ndez; la Liga Premier Femenil de Tecate, con Ra\u00fal Moreno; y la Liga Femenil Magisterial de Mexicali, con Fernando Estrada, tambi\u00e9n han aprobado al nuevo Consejo Directivo.<\/p>\n<p>El federativo Carlos David Viramontes fue el encargado de tomar protesta al Consejo Directivo encabezado por Arturo Solano, siendo testigo en el coordinador del deporte asociado de Baja California, C\u00e9sar Araujo, por parte del INDE.<\/p>\n<p><em>Informaci\u00f3n: INDEBC.<\/em><\/p>\n","protected":false},"excerpt":{"rendered":"","protected":false},"author":1,"featured_media":2969468,"comment_status":"closed","ping_status":"closed","sticky":false,"template":"","format":"standard","meta":{"footnotes":""},"categories":[73,1151],"tags":[907],"class_list":["post-2969467","post","type-post","status-publish","format-standard","has-post-thumbnail","hentry","category-deportebajacalifornia","category-portada","tag-tendencia"],"_links":{"self":[{"href":"https:\/\/agpnoticias.com\/news\/index.php?rest_route=\/wp\/v2\/posts\/2969467","targetHints":{"allow":["GET"]}}],"collection":[{"href":"https:\/\/agpnoticias.com\/news\/index.php?rest_route=\/wp\/v2\/posts"}],"about":[{"href":"https:\/\/agpnoticias.com\/news\/index.php?rest_route=\/wp\/v2\/types\/post"}],"author":[{"embeddable":true,"href":"https:\/\/agpnoticias.com\/news\/index.php?rest_route=\/wp\/v2\/users\/1"}],"replies":[{"embeddable":true,"href":"https:\/\/agpnoticias.com\/news\/index.php?rest_route=%2Fwp%2Fv2%2Fcomments&post=2969467"}],"version-history":[{"count":1,"href":"https:\/\/agpnoticias.com\/news\/index.php?rest_route=\/wp\/v2\/posts\/2969467\/revisions"}],"predecessor-version":[{"id":2969469,"href":"https:\/\/agpnoticias.com\/news\/index.php?rest_route=\/wp\/v2\/posts\/2969467\/revisions\/2969469"}],"wp:featuredmedia":[{"embeddable":true,"href":"https:\/\/agpnoticias.com\/news\/index.php?rest_route=\/wp\/v2\/media\/2969468"}],"wp:attachment":[{"href":"https:\/\/agpnoticias.com\/news\/index.php?rest_route=%2Fwp%2Fv2%2Fmedia&parent=2969467"}],"wp:term":[{"taxonomy":"category","embeddable":true,"href":"https:\/\/agpnoticias.com\/news\/index.php?rest_route=%2Fwp%2Fv2%2Fcategories&post=2969467"},{"taxonomy":"post_tag","embeddable":true,"href":"https:\/\/agpnoticias.com\/news\/index.php?rest_route=%2Fwp%2Fv2%2Ftags&post=2969467"}],"curies":[{"name":"wp","href":"https:\/\/api.w.org\/{rel}","templated":true}]}}