{"id":2969492,"date":"2024-03-18T16:29:33","date_gmt":"2024-03-18T23:29:33","guid":{"rendered":"https:\/\/agpnoticias.com\/news\/?p=2969492"},"modified":"2024-03-18T17:04:47","modified_gmt":"2024-03-19T00:04:47","slug":"las-citas-de-natalia-escalera-proxima-olimpica-en-paris","status":"publish","type":"post","link":"https:\/\/agpnoticias.com\/news\/?p=2969492","title":{"rendered":"Las citas de Natalia Escalera, pr\u00f3xima ol\u00edmpica en Par\u00eds"},"content":{"rendered":"\n<p>Ensenada, Baja California.- Natalia Escalera obtuvo la tercera plaza ol\u00edmpica para M\u00e9xico.<\/p>\n<p>La gimnasta ensenadense fue notificada sobre su designaci\u00f3n tras destacar con finales en las Copas del Mundo de Cottbus, Alemania, y Bak\u00fa, Azerbaiy\u00e1n, para culminar un ciclo consistente.<\/p>\n<p>Junto a Alexa Moreno y Athziri Sandoval, representar\u00e1 a la gimnasia mexicana en Par\u00eds.<\/p>\n<p><strong>Pavel Oceguera<\/strong><\/p>\n<p>\u201cEstoy desde los ocho a\u00f1os (entrenando) con \u00e9l, toda una vida. Me cit\u00f3 en su oficina y me dijo que leyera (el comunicado de la Federaci\u00f3n Mexicana de Gimnasia), solo vi que dec\u00eda \u2018plaza ol\u00edmpica Natalia Escalera\u2019, y solt\u00e9 el llanto\u201d.<\/p>\n<p><strong>Esfuerzo familiar<\/strong><\/p>\n<p>\u201cTodo el esfuerzo de tantos a\u00f1os ha valido la pena. Estoy orgullosa y feliz. Mis padres han dedicado toda su vida a este momento. Despu\u00e9s de so\u00f1arlo puedo decir que estoy en Juegos Ol\u00edmpicos. A pesar de las pol\u00e9micas, me mantuve calladita y trabajando para demostrar que esa plaza era m\u00eda\u201d.<\/p>\n<p><strong>Expectativa en Par\u00eds<\/strong><\/p>\n<p>\u201cAhorita son entrenamientos, espero que nos autoricen dos competencias m\u00e1s y una concentraci\u00f3n, para dejarlo todo en Juegos Ol\u00edmpicos. Voy a hacer mi mejor actuaci\u00f3n, a disfrutarla, y haciendo una buena competencia, el resultado va a llegar solo\u201d.<\/p>\n<p><strong>Incertidumbre\u00a0<\/strong><\/p>\n<p>\u201cEn octubre se hicieron muchas promesas, pero en noviembre sali\u00f3 (la notificaci\u00f3n de tener que enfrentar) el proceso selectivo (a principios de 2024). Me desmoron\u00e9 por tener que jugarme algo que ya estaba ah\u00ed.<br \/>\u201cCanalic\u00e9 ese coraje para entrenar. El proceso no fue dif\u00edcil, pero tuve que volver a competir, lo que (al final) fue bueno, porque (en Ensenada) segu\u00eda entrenando como si ya tuviera la clasificaci\u00f3n\u201d.<\/p>\n<p><strong>Athziri<\/strong><\/p>\n<p>Record\u00f3 que, cuando en el Campeonato del Mundo, M\u00e9xico no logra la clasificaci\u00f3n como equipo, ella y Athziri Sandoval rompieron en llanto. \u201cPensamos que el trabajo no hab\u00eda servido de nada, pero ahora compartiremos el escenario (ol\u00edmpico)\u201c.<\/p>\n<p><strong>Alexa Moreno<\/strong><\/p>\n<p>\u201cMe da mucho gusto compartir con Alexa ahora en Juegos Ol\u00edmpicos, algo en lo que ella ya ha estado (en dos ocasiones) y esperando que me pueda compartir su experiencia\u201d.<\/p>\n<p><strong>Los \u00c1ngeles 2028<\/strong><\/p>\n<p>\u201cA\u00fan queda mucho de Natalia gimnasta. Primero vamos a Par\u00eds, descansamos y luego le metemos para Los \u00c1ngeles\u201d.<\/p>\n<p><strong>Redes sociales<\/strong><\/p>\n<p class=\"p1\"><span class=\"s1\">\u201cLa gente habla mucho sin saber al respecto del tema. Mucho tiempo me qued\u00e9 callada y todo se dio como se ten\u00eda que dar. Calladita me veo m\u00e1s bonita\u201d.<\/span><\/p>\n","protected":false},"excerpt":{"rendered":"","protected":false},"author":1,"featured_media":2969493,"comment_status":"closed","ping_status":"closed","sticky":false,"template":"","format":"standard","meta":{"footnotes":""},"categories":[73,46,1151,1152],"tags":[],"class_list":["post-2969492","post","type-post","status-publish","format-standard","has-post-thumbnail","hentry","category-deportebajacalifornia","category-gimnasia","category-portada","category-editor-seleccion"],"_links":{"self":[{"href":"https:\/\/agpnoticias.com\/news\/index.php?rest_route=\/wp\/v2\/posts\/2969492","targetHints":{"allow":["GET"]}}],"collection":[{"href":"https:\/\/agpnoticias.com\/news\/index.php?rest_route=\/wp\/v2\/posts"}],"about":[{"href":"https:\/\/agpnoticias.com\/news\/index.php?rest_route=\/wp\/v2\/types\/post"}],"author":[{"embeddable":true,"href":"https:\/\/agpnoticias.com\/news\/index.php?rest_route=\/wp\/v2\/users\/1"}],"replies":[{"embeddable":true,"href":"https:\/\/agpnoticias.com\/news\/index.php?rest_route=%2Fwp%2Fv2%2Fcomments&post=2969492"}],"version-history":[{"count":5,"href":"https:\/\/agpnoticias.com\/news\/index.php?rest_route=\/wp\/v2\/posts\/2969492\/revisions"}],"predecessor-version":[{"id":2969498,"href":"https:\/\/agpnoticias.com\/news\/index.php?rest_route=\/wp\/v2\/posts\/2969492\/revisions\/2969498"}],"wp:featuredmedia":[{"embeddable":true,"href":"https:\/\/agpnoticias.com\/news\/index.php?rest_route=\/wp\/v2\/media\/2969493"}],"wp:attachment":[{"href":"https:\/\/agpnoticias.com\/news\/index.php?rest_route=%2Fwp%2Fv2%2Fmedia&parent=2969492"}],"wp:term":[{"taxonomy":"category","embeddable":true,"href":"https:\/\/agpnoticias.com\/news\/index.php?rest_route=%2Fwp%2Fv2%2Fcategories&post=2969492"},{"taxonomy":"post_tag","embeddable":true,"href":"https:\/\/agpnoticias.com\/news\/index.php?rest_route=%2Fwp%2Fv2%2Ftags&post=2969492"}],"curies":[{"name":"wp","href":"https:\/\/api.w.org\/{rel}","templated":true}]}}