{"id":2969517,"date":"2024-03-20T19:31:44","date_gmt":"2024-03-21T02:31:44","guid":{"rendered":"https:\/\/agpnoticias.com\/news\/?p=2969517"},"modified":"2024-03-20T19:31:46","modified_gmt":"2024-03-21T02:31:46","slug":"presentan-al-equipo-caliente-de-durango-de-la-liga-mexicana-de-beisbol-propiedad-de-los-hank","status":"publish","type":"post","link":"https:\/\/agpnoticias.com\/news\/?p=2969517","title":{"rendered":"Presentan al equipo Caliente de Durango de la Liga Mexicana de Beisbol, propiedad de los Hank"},"content":{"rendered":"\n\n\n<p>Durango, Durango (LMB).-\u00a0 Muchas cosas buenas est\u00e1n pasando en Durango y ahora tambi\u00e9n beisbol: Esteban Villegas.<\/p>\n<p>El Gobernador del Estado, Esteban Villegas Villarreal, junto con el presidente de la Liga Mexicana de Beisbol, Horacio de la Vega, hicieron la presentaci\u00f3n oficial de Caliente de Durango, como la nueva franquicia para la temporada 2024.<\/p>\n<p>El presidente ejecutivo de Durango, Carlos Cedillo, en representaci\u00f3n del propietario, Emilio Hank, tambi\u00e9n fue presentado a los medios.<\/p>\n<p>Con los colores rojo y negro como representantes, Caliente iniciar\u00e1 su caminar por la LMB desde este d\u00eda, cuando arranque la pretemporada, bajo el mando del m\u00e1nager, Luis Borges.<\/p>\n<p>\u201cDurango tiene equipo de beisbol para mucho tiempo\u201d, asegur\u00f3 Villegas Villarreal, al agradecer la confianza del grupo Caliente para que contin\u00fae el beisbol profesional en la entidad, adem\u00e1s invit\u00f3 a la afici\u00f3n duranguense a seguir de cerca la actividad del equipo y asista a cada juego.<\/p>\n<p><a href=\"https:\/\/agpnoticias.com\/news\/?attachment_id=2969519\" rel=\"attachment wp-att-2969519\"><img fetchpriority=\"high\" decoding=\"async\" class=\"aligncenter size-full wp-image-2969519\" src=\"https:\/\/agpnoticias.com\/news\/wp-content\/uploads\/2024\/03\/Caliente2-e1710988270401.jpeg\" alt=\"\" width=\"800\" height=\"449\" \/><\/a><\/p>\n<p>De la Vega, por su parte, tambi\u00e9n se mostr\u00f3 contento por la permanencia de la pelota profesional en esta capital.<\/p>\n<p>\u201cTener ahorita el respaldo del Gobierno del Estado, tener, por supuesto, a esta gran empresa de Emilio Hank, representado por Carlos Cedillo, como presente ejecutivo, creo que es bastante positivo, nos da mucha certeza en todas las instancias\u201d, coment\u00f3 el titular de la LMB.<\/p>\n<p>Cedillo agradeci\u00f3 a las autoridades por el gran apoyo, para poder cristalizar esta nueva franquicia.<\/p>\n<p>\u201cA nombre de todo el equipo, quiero dar las gracias al se\u00f1or gobernador y al presidente de la liga. Queremos tener un equipo competitivo. Estamos trabajando en todas las \u00e1reas y el objetivo es tener una muy buena temporada y por qu\u00e9 no, llegar a los playoffs este a\u00f1o. Tambi\u00e9n quiero invitar a toda la afici\u00f3n de Durango, por favor, que nos apoyen, que est\u00e9n con nosotros en el estadio Francisco Villa\u201d.<\/p>\n<p><a href=\"https:\/\/agpnoticias.com\/news\/?attachment_id=2969520\" rel=\"attachment wp-att-2969520\"><img decoding=\"async\" class=\"aligncenter size-full wp-image-2969520\" src=\"https:\/\/agpnoticias.com\/news\/wp-content\/uploads\/2024\/03\/GJDrH8vaYAAYIzb-e1710988298879.jpeg\" alt=\"\" width=\"800\" height=\"1127\" \/><\/a><\/p>\n<p>Couoh habl\u00f3 de los momentos dif\u00edciles que vivi\u00f3 la plantilla de trabajadores y agradeci\u00f3 a todos los involucrados en este nuevo proyecto.<\/p>\n<p>\u201cObviamente quiero agradecer a todo el equipo de trabajo que estuvo pasando por d\u00edas, semanas, meses muy dif\u00edciles, con mucha incertidumbre y la verdad que mis respetos para todos ustedes y vamos a ver que esta temporada ser\u00e1 muy especial\u201d.<\/p>\n<p>Tambi\u00e9n se present\u00f3 uno de los jerseys que se usar\u00e1n en la campa\u00f1a. Los colores ser\u00e1n rojo, negro, blanco y gris.<\/p>\n<p>El debut del equipo ser\u00e1 el 12 de abril en Saltillo, mientras que se presentar\u00e1n en casa el 16 de abril ante Tecolotes de Los Dos Laredos, en una campa\u00f1a de 90 juegos, 45 de ellos en casa, con la misi\u00f3n de poner a Durango por primera vez en playoffs.<\/p>\n<p><strong>INVITADOS ESPECIALES<\/strong><br \/>Esteban Villegas Villarreal Gobernador de Durango<br \/>Horacio de la Vega Presidente LMB<br \/>Carlos Cedillo Presidente ejecutivo de Caliente<br \/>Enrique Couoh Gerente Deportivo<br \/>Luis Borges M\u00e1nager<\/p>\n<p>COLORES<br \/>Rojo<br \/>Negro<br \/>Blanco<br \/>Gris<\/p>\n","protected":false},"excerpt":{"rendered":"","protected":false},"author":1,"featured_media":2969518,"comment_status":"closed","ping_status":"closed","sticky":false,"template":"","format":"standard","meta":{"footnotes":""},"categories":[30,1151],"tags":[907],"class_list":["post-2969517","post","type-post","status-publish","format-standard","has-post-thumbnail","hentry","category-beisbol","category-portada","tag-tendencia"],"_links":{"self":[{"href":"https:\/\/agpnoticias.com\/news\/index.php?rest_route=\/wp\/v2\/posts\/2969517","targetHints":{"allow":["GET"]}}],"collection":[{"href":"https:\/\/agpnoticias.com\/news\/index.php?rest_route=\/wp\/v2\/posts"}],"about":[{"href":"https:\/\/agpnoticias.com\/news\/index.php?rest_route=\/wp\/v2\/types\/post"}],"author":[{"embeddable":true,"href":"https:\/\/agpnoticias.com\/news\/index.php?rest_route=\/wp\/v2\/users\/1"}],"replies":[{"embeddable":true,"href":"https:\/\/agpnoticias.com\/news\/index.php?rest_route=%2Fwp%2Fv2%2Fcomments&post=2969517"}],"version-history":[{"count":1,"href":"https:\/\/agpnoticias.com\/news\/index.php?rest_route=\/wp\/v2\/posts\/2969517\/revisions"}],"predecessor-version":[{"id":2969521,"href":"https:\/\/agpnoticias.com\/news\/index.php?rest_route=\/wp\/v2\/posts\/2969517\/revisions\/2969521"}],"wp:featuredmedia":[{"embeddable":true,"href":"https:\/\/agpnoticias.com\/news\/index.php?rest_route=\/wp\/v2\/media\/2969518"}],"wp:attachment":[{"href":"https:\/\/agpnoticias.com\/news\/index.php?rest_route=%2Fwp%2Fv2%2Fmedia&parent=2969517"}],"wp:term":[{"taxonomy":"category","embeddable":true,"href":"https:\/\/agpnoticias.com\/news\/index.php?rest_route=%2Fwp%2Fv2%2Fcategories&post=2969517"},{"taxonomy":"post_tag","embeddable":true,"href":"https:\/\/agpnoticias.com\/news\/index.php?rest_route=%2Fwp%2Fv2%2Ftags&post=2969517"}],"curies":[{"name":"wp","href":"https:\/\/api.w.org\/{rel}","templated":true}]}}