{"id":2970221,"date":"2024-04-10T18:14:33","date_gmt":"2024-04-11T01:14:33","guid":{"rendered":"https:\/\/agpnoticias.com\/news\/?p=2970221"},"modified":"2024-04-10T18:14:37","modified_gmt":"2024-04-11T01:14:37","slug":"promueve-morena-una-republica-sanaarmando-ayala","status":"publish","type":"post","link":"https:\/\/agpnoticias.com\/news\/?p=2970221","title":{"rendered":"Promueve MORENA una rep\u00fablica sana:Armando Ayala"},"content":{"rendered":"\n<p><span style=\"font-size: revert;\">Ensenada, Baja California.- Armando Ayala, candidato al Senado de la Rep\u00fablica por Morena en Baja California, se reuni\u00f3 con l\u00edderes sociales del municipio de Ensenada, con la finalidad de compartir las propuestas para la Construcci\u00f3n del Segundo Piso de la Cuarta Transformaci\u00f3n.<\/span><\/p>\n<p>En un ambiente de fiesta, emoci\u00f3n, \u00e1nimo a tope y porras en favor del abanderado morenista para el Senado y de la candidata a la presidencia de la Rep\u00fablica, Claudia Sheinbaum fue lo que s\u00ed vivi\u00f3 durante este encuentro.<\/p>\n<p>Armando Ayala agradeci\u00f3 el respaldo que recibi\u00f3 en dos ocasiones en las que alcanz\u00f3 la victoria y se convirti\u00f3 de forma consecutiva en presidente municipal de Ensenada, por lo que aprovech\u00f3 la ocasi\u00f3n para pedirles el voto para que desde el Senado siga promoviendo acciones para su bienestar.<\/p>\n<p>En ese sentido, dijo, trabajar\u00e9 de la mano con mis compa\u00f1eros senadores y diputados federales por Morena para consolidar el proyecto de la 4T, y en especial todos aquellos encaminados a empoderar y beneficiar a las mujeres.<\/p>\n<p>\u201cLa doctora Claudia Sheinbaum dentro de los 100 pasos para la Transformaci\u00f3n contempla mayores apoyos sociales a mujeres, como en el eje de Rep\u00fablica Sana, donde las madres embarazadas y los primeros 1000 d\u00edas de vida, un programa especial que ayudar\u00e1 a prevenir enfermedades cr\u00f3nico degenerativas y a atender de manera temprana otros problemas\u201d, afirm\u00f3.<\/p>\n<p>El candidato al Senado de la Rep\u00fablica por Morena, las invit\u00f3 a que este viernes 12 de abril acudan a las 11:30 horas a la Plaza C\u00edvica de la Patria a escuchar y apoyar a la doctora Claudia Sheinbaum.<\/p>\n<p>Por \u00faltimo, Armando Ayala hizo un llamado a replicar las propuestas del proyecto de naci\u00f3n de la candidata a la presidencia de M\u00e9xico, para que se materialice el Plan C y el Segundo Piso de la Cuarta Transformaci\u00f3n, por lo que es fundamental salir a votar el 2 de junio solo por los candidatos de Morena.<\/p>\n","protected":false},"excerpt":{"rendered":"","protected":false},"author":1,"featured_media":2970222,"comment_status":"closed","ping_status":"closed","sticky":false,"template":"","format":"standard","meta":{"footnotes":""},"categories":[1],"tags":[],"class_list":["post-2970221","post","type-post","status-publish","format-standard","has-post-thumbnail","hentry","category-uncategorized"],"_links":{"self":[{"href":"https:\/\/agpnoticias.com\/news\/index.php?rest_route=\/wp\/v2\/posts\/2970221","targetHints":{"allow":["GET"]}}],"collection":[{"href":"https:\/\/agpnoticias.com\/news\/index.php?rest_route=\/wp\/v2\/posts"}],"about":[{"href":"https:\/\/agpnoticias.com\/news\/index.php?rest_route=\/wp\/v2\/types\/post"}],"author":[{"embeddable":true,"href":"https:\/\/agpnoticias.com\/news\/index.php?rest_route=\/wp\/v2\/users\/1"}],"replies":[{"embeddable":true,"href":"https:\/\/agpnoticias.com\/news\/index.php?rest_route=%2Fwp%2Fv2%2Fcomments&post=2970221"}],"version-history":[{"count":1,"href":"https:\/\/agpnoticias.com\/news\/index.php?rest_route=\/wp\/v2\/posts\/2970221\/revisions"}],"predecessor-version":[{"id":2970223,"href":"https:\/\/agpnoticias.com\/news\/index.php?rest_route=\/wp\/v2\/posts\/2970221\/revisions\/2970223"}],"wp:featuredmedia":[{"embeddable":true,"href":"https:\/\/agpnoticias.com\/news\/index.php?rest_route=\/wp\/v2\/media\/2970222"}],"wp:attachment":[{"href":"https:\/\/agpnoticias.com\/news\/index.php?rest_route=%2Fwp%2Fv2%2Fmedia&parent=2970221"}],"wp:term":[{"taxonomy":"category","embeddable":true,"href":"https:\/\/agpnoticias.com\/news\/index.php?rest_route=%2Fwp%2Fv2%2Fcategories&post=2970221"},{"taxonomy":"post_tag","embeddable":true,"href":"https:\/\/agpnoticias.com\/news\/index.php?rest_route=%2Fwp%2Fv2%2Ftags&post=2970221"}],"curies":[{"name":"wp","href":"https:\/\/api.w.org\/{rel}","templated":true}]}}