{"id":2970258,"date":"2024-04-12T08:57:40","date_gmt":"2024-04-12T15:57:40","guid":{"rendered":"https:\/\/agpnoticias.com\/news\/?p=2970258"},"modified":"2024-04-12T08:57:42","modified_gmt":"2024-04-12T15:57:42","slug":"claudia-sheinbaum-cuenta-con-el-respaldo-de-bc-claudia-sheinbaum","status":"publish","type":"post","link":"https:\/\/agpnoticias.com\/news\/?p=2970258","title":{"rendered":"Claudia Sheinbaum cuenta con el respaldo de BC: Claudia Sheinbaum"},"content":{"rendered":"\n<p>Mexicali, Baja California.- Armando Ayala, candidato al Senado de la Rep\u00fablica por Morena, dio la bienvenida a Baja California a la candidata de la coalici\u00f3n Sigamos Haciendo Historia, Claudia Sheinbaum.<br \/>El abanderado morenista, asever\u00f3 que Baja California y M\u00e9xico respaldar\u00e1n el 2 de junio pr\u00f3ximo el proyecto de naci\u00f3n que presenta Claudia Sheinbaum, quien se convertir\u00e1 en la primera mujer presidente del pa\u00eds.<br \/>\u201cEs tiempo de mujeres y Claudia Sheibaum ha dado muestra de que es posible alcanzar la justicia social y dar continuidad a la construcci\u00f3n de un M\u00e9xico m\u00e1s moderno y competitivo\u201d, recalc\u00f3.<br \/>Desde la capital del pa\u00eds, Armando Ayala manifest\u00f3 que que los y las candidatas a las diputaciones federales y a la senadur\u00eda por Morena, estamos cumpliendo la tarea que les encomend\u00f3 la doctora Claudia Sheinbaum.<br \/>\u201cEstamos recorriendo cada rinc\u00f3n de nuestra entidad para dar a conocer los 100 pasos para la transformaci\u00f3n, pero, sobre todo, hacer conciencia de que solo con el Plan C, podemos llevar a cabo las reformas que nuestro pa\u00eds necesita\u201d, afirm\u00f3.<br \/>El abanderado de Morena al Senado de la Rep\u00fablica recalc\u00f3 que Claudia Sheinbaum cuenta con la lealtad de Baja California, un estado con los mayores m\u00e1rgenes de votaci\u00f3n a favor de Morena, desde aquel hist\u00f3rico 1 de julio de 2018.<br \/>Por su parte, la candidata a la presidencia de M\u00e9xico, Claudia Sheinbaum asever\u00f3 que una vez que asuma el mandato seguir\u00e1 gobernado sin privilegios, y con alto sentido de humanismo.<br \/>Asever\u00f3 que su proyecto, es el \u00fanico que puede garantizar que sigan los programas sociales, adem\u00e1s de que en la frontera norte se mantendr\u00e1n los apoyos, ya que no subir\u00e1 el IVA y el ISR.<br \/>Claudia Sheinbaum abord\u00f3 los 100 pasos para la transformaci\u00f3n que impulsar\u00e1 cuando sea la primera presidenta del pa\u00eds.<\/p>\n","protected":false},"excerpt":{"rendered":"","protected":false},"author":1,"featured_media":2970259,"comment_status":"closed","ping_status":"closed","sticky":false,"template":"","format":"standard","meta":{"footnotes":""},"categories":[1],"tags":[],"class_list":["post-2970258","post","type-post","status-publish","format-standard","has-post-thumbnail","hentry","category-uncategorized"],"_links":{"self":[{"href":"https:\/\/agpnoticias.com\/news\/index.php?rest_route=\/wp\/v2\/posts\/2970258","targetHints":{"allow":["GET"]}}],"collection":[{"href":"https:\/\/agpnoticias.com\/news\/index.php?rest_route=\/wp\/v2\/posts"}],"about":[{"href":"https:\/\/agpnoticias.com\/news\/index.php?rest_route=\/wp\/v2\/types\/post"}],"author":[{"embeddable":true,"href":"https:\/\/agpnoticias.com\/news\/index.php?rest_route=\/wp\/v2\/users\/1"}],"replies":[{"embeddable":true,"href":"https:\/\/agpnoticias.com\/news\/index.php?rest_route=%2Fwp%2Fv2%2Fcomments&post=2970258"}],"version-history":[{"count":1,"href":"https:\/\/agpnoticias.com\/news\/index.php?rest_route=\/wp\/v2\/posts\/2970258\/revisions"}],"predecessor-version":[{"id":2970260,"href":"https:\/\/agpnoticias.com\/news\/index.php?rest_route=\/wp\/v2\/posts\/2970258\/revisions\/2970260"}],"wp:featuredmedia":[{"embeddable":true,"href":"https:\/\/agpnoticias.com\/news\/index.php?rest_route=\/wp\/v2\/media\/2970259"}],"wp:attachment":[{"href":"https:\/\/agpnoticias.com\/news\/index.php?rest_route=%2Fwp%2Fv2%2Fmedia&parent=2970258"}],"wp:term":[{"taxonomy":"category","embeddable":true,"href":"https:\/\/agpnoticias.com\/news\/index.php?rest_route=%2Fwp%2Fv2%2Fcategories&post=2970258"},{"taxonomy":"post_tag","embeddable":true,"href":"https:\/\/agpnoticias.com\/news\/index.php?rest_route=%2Fwp%2Fv2%2Ftags&post=2970258"}],"curies":[{"name":"wp","href":"https:\/\/api.w.org\/{rel}","templated":true}]}}