{"id":2970266,"date":"2024-04-12T20:27:44","date_gmt":"2024-04-13T03:27:44","guid":{"rendered":"https:\/\/agpnoticias.com\/news\/?p=2970266"},"modified":"2024-04-12T20:27:46","modified_gmt":"2024-04-13T03:27:46","slug":"bajacalifornianos-a-la-seleccion-nacional-tras-proceso-selectivo","status":"publish","type":"post","link":"https:\/\/agpnoticias.com\/news\/?p=2970266","title":{"rendered":"Bajacalifornianos a la selecci\u00f3n nacional tras proceso selectivo"},"content":{"rendered":"\n<p>Mexicali, Baja California.- Los gimnastas juveniles de Baja California, Juan Hern\u00e1ndez y Dar\u00edo Mauricio, y el adulto Alejandro Y\u00e1\u00f1ez, han sido convocados a la Selecci\u00f3n Nacional por la Federaci\u00f3n Mexicana de Gimnasia para el Campeonato Panamericano a realizarse en Santa Martha, Colombia.<\/p>\n<p>Luego de realizar la Suma Selectivos en la Gimnasia Art\u00edstica Varonil, el entrenador Jos\u00e9 Torres ser\u00e1 parte del cuerpo t\u00e9cnico juvenil en la justa Continental que se realizar\u00e1 del 22 al 26 de mayo en suelo colombiano.<\/p>\n<p>El mexicalense Juan Hern\u00e1ndez termin\u00f3 como el n\u00famero 1 en el all around con 75.402, luego de ser el mejor en piso con 13.033m en caballo con arzones con 12.500 y en salto a caballo con 13.837, bajo el mando de Jos\u00e9 Torres.<\/p>\n<p><a href=\"https:\/\/agpnoticias.com\/news\/?attachment_id=2970267\" rel=\"attachment wp-att-2970267\"><img fetchpriority=\"high\" decoding=\"async\" class=\"aligncenter size-full wp-image-2970267\" src=\"https:\/\/agpnoticias.com\/news\/wp-content\/uploads\/2024\/04\/WhatsApp-Image-2024-04-12-at-4.09.51-PM-1-e1712978860140.jpeg\" alt=\"\" width=\"600\" height=\"800\" \/><\/a><\/p>\n<p>El n\u00famero 2 en la Suma Selectivos, fue el ensenadense Dar\u00edo Mauricio, quien termin\u00f3 con 74.284 en el all around; por aparatos, fue primer lugar en barra fija con 12.600.<\/p>\n<p>Juan Hern\u00e1ndez y Dar\u00edo Mauricio no s\u00f3lo ganaron el derecho de representar a M\u00e9xico, en el Campeonato Panamericano Juvenil en Santa Martha, sino tambi\u00e9n estar\u00e1n en el Pacific Rim 2024 en Cali, Colombia, del 23 al 29 del presente mes.<\/p>\n<p>En Adulto, el ensenadense Alejandro Ya\u00f1ez ser\u00e1 parte del equipo mexicano que competir\u00e1 en el Panamericano en Santa Martha.<\/p>\n<p><em>Informaci\u00f3n: INDEBC.<\/em><\/p>\n","protected":false},"excerpt":{"rendered":"","protected":false},"author":1,"featured_media":2970268,"comment_status":"closed","ping_status":"closed","sticky":false,"template":"","format":"standard","meta":{"footnotes":""},"categories":[73,46,1151],"tags":[907],"class_list":["post-2970266","post","type-post","status-publish","format-standard","has-post-thumbnail","hentry","category-deportebajacalifornia","category-gimnasia","category-portada","tag-tendencia"],"_links":{"self":[{"href":"https:\/\/agpnoticias.com\/news\/index.php?rest_route=\/wp\/v2\/posts\/2970266","targetHints":{"allow":["GET"]}}],"collection":[{"href":"https:\/\/agpnoticias.com\/news\/index.php?rest_route=\/wp\/v2\/posts"}],"about":[{"href":"https:\/\/agpnoticias.com\/news\/index.php?rest_route=\/wp\/v2\/types\/post"}],"author":[{"embeddable":true,"href":"https:\/\/agpnoticias.com\/news\/index.php?rest_route=\/wp\/v2\/users\/1"}],"replies":[{"embeddable":true,"href":"https:\/\/agpnoticias.com\/news\/index.php?rest_route=%2Fwp%2Fv2%2Fcomments&post=2970266"}],"version-history":[{"count":1,"href":"https:\/\/agpnoticias.com\/news\/index.php?rest_route=\/wp\/v2\/posts\/2970266\/revisions"}],"predecessor-version":[{"id":2970269,"href":"https:\/\/agpnoticias.com\/news\/index.php?rest_route=\/wp\/v2\/posts\/2970266\/revisions\/2970269"}],"wp:featuredmedia":[{"embeddable":true,"href":"https:\/\/agpnoticias.com\/news\/index.php?rest_route=\/wp\/v2\/media\/2970268"}],"wp:attachment":[{"href":"https:\/\/agpnoticias.com\/news\/index.php?rest_route=%2Fwp%2Fv2%2Fmedia&parent=2970266"}],"wp:term":[{"taxonomy":"category","embeddable":true,"href":"https:\/\/agpnoticias.com\/news\/index.php?rest_route=%2Fwp%2Fv2%2Fcategories&post=2970266"},{"taxonomy":"post_tag","embeddable":true,"href":"https:\/\/agpnoticias.com\/news\/index.php?rest_route=%2Fwp%2Fv2%2Ftags&post=2970266"}],"curies":[{"name":"wp","href":"https:\/\/api.w.org\/{rel}","templated":true}]}}