{"id":2970374,"date":"2024-04-16T16:05:52","date_gmt":"2024-04-16T23:05:52","guid":{"rendered":"https:\/\/agpnoticias.com\/news\/?p=2970374"},"modified":"2024-04-16T16:05:55","modified_gmt":"2024-04-16T23:05:55","slug":"trabara-armando-ayala-en-acciones-en-pro-del-campo-bajacaliforniano","status":"publish","type":"post","link":"https:\/\/agpnoticias.com\/news\/?p=2970374","title":{"rendered":"Trabar\u00e1 Armando Ayala en acciones en pro del campo bajacaliforniano"},"content":{"rendered":"\n<p>Mexicali, Baja California.- Con el prop\u00f3sito de escuchar las principales necesidades y buscar alternativas que fortalezcan al campo, el candidato al Senado de la Rep\u00fablica por Morena en Baja California, Armando Ayala sostuvo un encuentro con integrantes de la mesa directiva de la Asociaci\u00f3n de Productores de Trigo de Mexicali.<br \/>El abanderado morenista escuch\u00f3 con atenci\u00f3n los planteamientos de quienes se dedican a esta importante labor en la capital del estado, con quienes se comprometi\u00f3 ser un aliado e interlocutor con autoridades de los tres \u00f3rdenes de gobierno.<br \/>Adem\u00e1s, Armando Ayala afirm\u00f3 que, al llegar al Senado de la Rep\u00fablica, promover\u00e1 que se contemple un incremento en el presupuesto de egresos de la federaci\u00f3n del pr\u00f3ximo a\u00f1o para que se destinen mayores apoyos a quienes se dedican al sector primario.<br \/>\u201cHoy estoy para escucharlos y llevarme de tarea las principales acciones que tengo que hacer para apoyarles. Ser\u00e9 un gestor para influir en las pol\u00edticas p\u00fablicas que nos ayuden a encontrar las respuestas a los grandes retos y desaf\u00edos que afectan a la agricultura en la regi\u00f3n\u201d, resalt\u00f3.<br \/>El candidato al Senado, record\u00f3 que la futura presidenta de M\u00e9xico, Claudia Sheinbaum asegurar\u00e1 que se mantendr\u00e1n los programas Sembrando Vida, producci\u00f3n para el Bienestar, precios de garant\u00eda y fertilizantes gratuitos para peque\u00f1os productores.<br \/>De igual manera, asever\u00f3 que la candidata a la presidencia de la Rep\u00fablica tiene la meta de a nivel nacional se produzca m\u00e1s alimentos para el consumo nacional, poniendo principal atenci\u00f3n en lo que comemos las y los mexicanos como es el ma\u00edz, frijol, leche, arroz y trigo.<br \/>Por \u00faltimo, el abanderado morenista, manifest\u00f3 que estos son algunos de los proyectos que se promover\u00e1n en el Segundo Piso de la Transformaci\u00f3n y para ello, es indispensable que las y los bajacalifornianos salgan a votar el 2 de junio solo por Morena.<\/p>\n","protected":false},"excerpt":{"rendered":"","protected":false},"author":1,"featured_media":2970375,"comment_status":"closed","ping_status":"closed","sticky":false,"template":"","format":"standard","meta":{"footnotes":""},"categories":[1],"tags":[],"class_list":["post-2970374","post","type-post","status-publish","format-standard","has-post-thumbnail","hentry","category-uncategorized"],"_links":{"self":[{"href":"https:\/\/agpnoticias.com\/news\/index.php?rest_route=\/wp\/v2\/posts\/2970374","targetHints":{"allow":["GET"]}}],"collection":[{"href":"https:\/\/agpnoticias.com\/news\/index.php?rest_route=\/wp\/v2\/posts"}],"about":[{"href":"https:\/\/agpnoticias.com\/news\/index.php?rest_route=\/wp\/v2\/types\/post"}],"author":[{"embeddable":true,"href":"https:\/\/agpnoticias.com\/news\/index.php?rest_route=\/wp\/v2\/users\/1"}],"replies":[{"embeddable":true,"href":"https:\/\/agpnoticias.com\/news\/index.php?rest_route=%2Fwp%2Fv2%2Fcomments&post=2970374"}],"version-history":[{"count":1,"href":"https:\/\/agpnoticias.com\/news\/index.php?rest_route=\/wp\/v2\/posts\/2970374\/revisions"}],"predecessor-version":[{"id":2970376,"href":"https:\/\/agpnoticias.com\/news\/index.php?rest_route=\/wp\/v2\/posts\/2970374\/revisions\/2970376"}],"wp:featuredmedia":[{"embeddable":true,"href":"https:\/\/agpnoticias.com\/news\/index.php?rest_route=\/wp\/v2\/media\/2970375"}],"wp:attachment":[{"href":"https:\/\/agpnoticias.com\/news\/index.php?rest_route=%2Fwp%2Fv2%2Fmedia&parent=2970374"}],"wp:term":[{"taxonomy":"category","embeddable":true,"href":"https:\/\/agpnoticias.com\/news\/index.php?rest_route=%2Fwp%2Fv2%2Fcategories&post=2970374"},{"taxonomy":"post_tag","embeddable":true,"href":"https:\/\/agpnoticias.com\/news\/index.php?rest_route=%2Fwp%2Fv2%2Ftags&post=2970374"}],"curies":[{"name":"wp","href":"https:\/\/api.w.org\/{rel}","templated":true}]}}