{"id":2971860,"date":"2024-05-29T17:42:44","date_gmt":"2024-05-30T00:42:44","guid":{"rendered":"https:\/\/agpnoticias.com\/news\/?p=2971860"},"modified":"2024-05-29T17:42:46","modified_gmt":"2024-05-30T00:42:46","slug":"morena-volvera-hacer-historia-el-2-de-junio-armando-ayala","status":"publish","type":"post","link":"https:\/\/agpnoticias.com\/news\/?p=2971860","title":{"rendered":"MORENA volver\u00e1 hacer historia el 2 de junio: Armando Ayala"},"content":{"rendered":"\n<p>Ciudad de M\u00e9xico .-Con el triunfo de la doctora Claudia Sheinbaum y de las y los candidatos de Morena a Senador, diputados federales y locales, adem\u00e1s de las alcald\u00edas de Baja California, Morena, volver\u00e1 hacer historia el pr\u00f3ximo 2 de junio.<br \/>As\u00ed lo manifest\u00f3 el candidato a Senador de la Rep\u00fablica por Morena en Baja California, Armando Ayala, quien acompa\u00f1\u00f3 en el z\u00f3calo capitalino en el cierre de campa\u00f1a, a la candidata a la presidencia de la Rep\u00fablica Claudia Sheinbaum.<br \/>El abanderado morenista al Senado, afirm\u00f3 que, con el respaldo de millones de mexicanos, el pr\u00f3ximo domingo saldr\u00e1 victorioso el movimiento de regeneraci\u00f3n nacional, con lo que comenzar\u00e1 la construcci\u00f3n del segundo piso de la cuarta transformaci\u00f3n.<br \/>\u201cTenemos un proyecto definido, que est\u00e1 encaminado a darle continuidad a lo que ha hecho el presidente Andr\u00e9s Manuel L\u00f3pez Obrador. No regresar\u00e1n los privilegios y se seguir\u00e1 apoyando a quienes menos tienen\u201d, recalc\u00f3.<br \/>Armando Ayala agradeci\u00f3 el apoyo y recibimiento que le dieron las y los bajacalifornianos en los siete municipios, quienes en todo momento le hicieron saber que apoyan al movimiento de la transformaci\u00f3n.<br \/>\u201cEstamos concluyendo nuestra campa\u00f1a, donde recorrimos 13 veces el estado, realizamos m\u00e1s de 330 asambleas, visitamos m\u00e1s de 50 tianguis, saludamos mano a mano a casi 100 mil bajacalifornianos\u201d, enfatiz\u00f3.<br \/>El candidato a Senador de la Rep\u00fablica por Morena en f\u00f3rmula con Julieta Ram\u00edrez destac\u00f3 que en su campa\u00f1a llev\u00f3 a cabo la difusi\u00f3n de las propuestas de Claudia Sheibaum, adem\u00e1s de que hizo equipo con los dem\u00e1s candidatos de su partido a alg\u00fan puesto de elecci\u00f3n popular federal o local.<br \/>Por \u00faltimo, reiter\u00f3 el llamado a las y los bajacalifornianos a votar este domingo 2 de junio solo por las y los candidatos de Morena y de esta forma lograr que se construya el Segundo Piso de la Transformaci\u00f3n.<\/p>\n","protected":false},"excerpt":{"rendered":"","protected":false},"author":1,"featured_media":2971862,"comment_status":"closed","ping_status":"closed","sticky":false,"template":"","format":"standard","meta":{"footnotes":""},"categories":[1],"tags":[],"class_list":["post-2971860","post","type-post","status-publish","format-standard","has-post-thumbnail","hentry","category-uncategorized"],"_links":{"self":[{"href":"https:\/\/agpnoticias.com\/news\/index.php?rest_route=\/wp\/v2\/posts\/2971860","targetHints":{"allow":["GET"]}}],"collection":[{"href":"https:\/\/agpnoticias.com\/news\/index.php?rest_route=\/wp\/v2\/posts"}],"about":[{"href":"https:\/\/agpnoticias.com\/news\/index.php?rest_route=\/wp\/v2\/types\/post"}],"author":[{"embeddable":true,"href":"https:\/\/agpnoticias.com\/news\/index.php?rest_route=\/wp\/v2\/users\/1"}],"replies":[{"embeddable":true,"href":"https:\/\/agpnoticias.com\/news\/index.php?rest_route=%2Fwp%2Fv2%2Fcomments&post=2971860"}],"version-history":[{"count":1,"href":"https:\/\/agpnoticias.com\/news\/index.php?rest_route=\/wp\/v2\/posts\/2971860\/revisions"}],"predecessor-version":[{"id":2971863,"href":"https:\/\/agpnoticias.com\/news\/index.php?rest_route=\/wp\/v2\/posts\/2971860\/revisions\/2971863"}],"wp:featuredmedia":[{"embeddable":true,"href":"https:\/\/agpnoticias.com\/news\/index.php?rest_route=\/wp\/v2\/media\/2971862"}],"wp:attachment":[{"href":"https:\/\/agpnoticias.com\/news\/index.php?rest_route=%2Fwp%2Fv2%2Fmedia&parent=2971860"}],"wp:term":[{"taxonomy":"category","embeddable":true,"href":"https:\/\/agpnoticias.com\/news\/index.php?rest_route=%2Fwp%2Fv2%2Fcategories&post=2971860"},{"taxonomy":"post_tag","embeddable":true,"href":"https:\/\/agpnoticias.com\/news\/index.php?rest_route=%2Fwp%2Fv2%2Ftags&post=2971860"}],"curies":[{"name":"wp","href":"https:\/\/api.w.org\/{rel}","templated":true}]}}