{"id":2972318,"date":"2024-06-11T21:06:06","date_gmt":"2024-06-12T04:06:06","guid":{"rendered":"https:\/\/agpnoticias.com\/news\/?p=2972318"},"modified":"2024-07-26T07:26:11","modified_gmt":"2024-07-26T14:26:11","slug":"abanderada-por-amlo-delegacion-mexicana-a-paris-2024","status":"publish","type":"post","link":"https:\/\/agpnoticias.com\/news\/?p=2972318","title":{"rendered":"Abanderada por AMLO delegaci\u00f3n mexicana a Par\u00eds 2024"},"content":{"rendered":"\n\n\n<p>Ciudad de M\u00e9xico.- \u201cEstamos seguros de que M\u00e9xico obtendr\u00e1 muy buenos resultados en estas olimpiadas, confiamos mucho en ustedes y vamos a la competencia en buena lid. Cuando regresen les vamos a tener una recompensa a toda la delegaci\u00f3n\u201d.<\/p>\n<p>As\u00ed lo dijo el presidente Andr\u00e9s Manuel L\u00f3pez Obrador al encabezar el abanderamiento de la delegaci\u00f3n mexicana que participar\u00e1 en los Juegos Ol\u00edmpicos Par\u00eds 2024 durante julio y agosto.<\/p>\n<p>\u201cCuenten con todo nuestro apoyo y respaldo, no est\u00e1n solas, no est\u00e1n solos; les apoyamos todos los mexicanos. Me complace mucho que, adem\u00e1s de j\u00f3venes todos, la mayor\u00eda son mujeres, y estamos seguros de que sabr\u00e1n representar con mucha dignidad a nuestro querido M\u00e9xico.\u201d<\/p>\n<p>Record\u00f3 que los mexicanos tenemos a la familia como principal instituci\u00f3n de seguridad social, una tradici\u00f3n que heredamos y permite la ayuda mutua para enfrentar calamidades.<\/p>\n<p>\u201cEs lo mismo el deporte, es conjunto y es una familia; aqu\u00ed todos participan. Quiero agradecer a los familiares de ustedes por lo que hacen, pero tambi\u00e9n a sus entrenadores, mujeres y hombres; a los encargados del deporte en los estados; a los directivos de las federaciones, asociaciones civiles, empresarios que ayudan con becas a deportistas; todos apoyan al deporte.\u201d<\/p>\n<p>Resalt\u00f3 que M\u00e9xico vive momentos estelares, ya que hoy es el pa\u00eds con menos desempleo en el mundo, cuenta con incremento r\u00e9cord en salarios y estabilidad econ\u00f3mica; los adultos mayores reciben pensi\u00f3n y la mayor\u00eda del pueblo obtiene diversos beneficios.<\/p>\n<p>\u201cNuestra moneda, por primera vez en d\u00e9cadas, no se ha devaluado; al contrario, el peso es la moneda que m\u00e1s se ha fortalecido en el mundo con relaci\u00f3n al d\u00f3lar y est\u00e1 llegando como nunca la inversi\u00f3n extranjera; y lo m\u00e1s importante: se ha logrado reducir la pobreza y la desigualdad. Estamos muy contentos porque hemos logrado mostrar la eficacia de lo que llamamos humanismo mexicano.\u201d<\/p>\n<p>La directora general de la Comisi\u00f3n Nacional de Cultura F\u00edsica y Deporte (Conade), Ana Gabriela Guevara Espinoza, afirm\u00f3 que este es un momento hist\u00f3rico para el equipo mexicano despu\u00e9s de trabajar arduamente: \u201cM\u00e9xico estar\u00e1 presente con los mejores deportistas, hombres y mujeres\u201d.<\/p>\n<p>Tras se\u00f1alar que Francia volver\u00e1 a tener la oportunidad de abrir sus puertas al mundo, resalt\u00f3 que los Juegos Ol\u00edmpicos Par\u00eds 2024 son una gran fiesta que todos esperamos y que nos re\u00fane con el prop\u00f3sito com\u00fan de la hermandad.<\/p>\n<p>Tras destacar la presencia de presidentes de federaciones e institutos del deporte de todo el pa\u00eds, dijo a cada integrante de la delegaci\u00f3n mexicana:<\/p>\n<p>\u201cRecuerden que no est\u00e1n solos y que en la jornada de los Juegos Ol\u00edmpicos estaremos de la mano junto con todos ustedes. Germinen su sue\u00f1o, provoquen la siguiente generaci\u00f3n y hagamos historia. Que sea esta la mejor cosecha del deporte de M\u00e9xico.\u201d<\/p>\n<p>El jefe de Gobierno de la Ciudad de M\u00e9xico, Mart\u00ed Batres Guadarrama, expres\u00f3 que siempre es buen momento para llevar un mensaje de paz a trav\u00e9s de las justas deportivas. Record\u00f3 que la delegaci\u00f3n mexicana convirti\u00f3 a nuestro pa\u00eds en una de las tres potencias deportivas de Am\u00e9rica tras su participaci\u00f3n en los Juegos Panamericanos de Santiago de Chile.<\/p>\n<p>Al desear \u00e9xito a las y los deportistas mexicanos, la embajadora designada de Francia en M\u00e9xico, Delphine Borione, destac\u00f3 que su naci\u00f3n est\u00e1 lista para iniciar el 26 de julio el mayor acontecimiento deportivo en el orbe, y que ser\u00e1n los Juegos Ol\u00edmpicos m\u00e1s ecol\u00f3gicos de la historia.<\/p>\n<p>\u201cPar\u00eds los espera, los Juegos Ol\u00edmpicos de verano regresan a Francia despu\u00e9s de 100 a\u00f1os y, por primera vez, tambi\u00e9n organizaremos los Juegos Paral\u00edmpicos. Como atletas y espectadores podr\u00e1n disfrutar eventos deportivos en lugares excepcionales como el Palacio de Versalles, la Torre Eiffel o el r\u00edo Sena. Tambi\u00e9n hemos decidido construir estos juegos de manera inclusiva y abierta a la cultura y el arte.\u201d<\/p>\n<p>En representaci\u00f3n de las y los integrantes de la delegaci\u00f3n mexicana, el atleta de la disciplina de clavados, Osmar Olvera Ibarra, se\u00f1al\u00f3 que el mundo vive una importante evoluci\u00f3n en materia de inclusi\u00f3n, diversidad y respeto a los derechos humanos.<\/p>\n<p>A\u00f1adi\u00f3 que los Juegos Ol\u00edmpicos se han convertido en el mejor s\u00edmbolo de paz, y record\u00f3 que Par\u00eds recibir\u00e1 10 mil 500 atletas ol\u00edmpicos y mil 400 paral\u00edmpicos que buscar\u00e1n fomentar la paz a trav\u00e9s del juego limpio y contribuir al desarrollo de la ni\u00f1ez y la juventud para inspirar a nuevas generaciones.<\/p>\n<p>Dijo que, para alcanzar la clasificaci\u00f3n a los Juegos Ol\u00edmpicos, cada participante requiri\u00f3 el trabajo en equipo traducido en la fuerza de una familia, y en el mismo sentido destac\u00f3 el apoyo del gobierno federal, la Conade, el Comit\u00e9 Ol\u00edmpico Mexicano (COI), federaciones, institutos estatales del deporte, entrenadores, auxiliares e iniciativa privada.<\/p>\n<p>\u201cY nada de eso puede cristalizarse sin la capacidad, disciplina, entrega y compromiso de cada uno de nosotros, los atletas, con nuestra patria, con M\u00e9xico.\u201d<\/p>\n<p>Tambi\u00e9n acompa\u00f1aron al presidente L\u00f3pez Obrador: el secretario de la Defensa Nacional, Luis Cresencio Sandoval Gonz\u00e1lez; el secretario de Marina, Jos\u00e9 Rafael Ojeda Dur\u00e1n; la secretaria de Educaci\u00f3n P\u00fablica, Leticia Ram\u00edrez Amaya; y la presidenta del Comit\u00e9 Ol\u00edmpico Mexicano, Mar\u00eda Jos\u00e9 Alcal\u00e1 Izguerra.\u00a0<\/p>\n<p><em>Informaci\u00f3n: Conade.<\/em><\/p>\n","protected":false},"excerpt":{"rendered":"","protected":false},"author":1,"featured_media":2972319,"comment_status":"closed","ping_status":"closed","sticky":false,"template":"","format":"standard","meta":{"footnotes":""},"categories":[1,1167,1151],"tags":[907],"class_list":["post-2972318","post","type-post","status-publish","format-standard","has-post-thumbnail","hentry","category-uncategorized","category-paris-2024","category-portada","tag-tendencia"],"_links":{"self":[{"href":"https:\/\/agpnoticias.com\/news\/index.php?rest_route=\/wp\/v2\/posts\/2972318","targetHints":{"allow":["GET"]}}],"collection":[{"href":"https:\/\/agpnoticias.com\/news\/index.php?rest_route=\/wp\/v2\/posts"}],"about":[{"href":"https:\/\/agpnoticias.com\/news\/index.php?rest_route=\/wp\/v2\/types\/post"}],"author":[{"embeddable":true,"href":"https:\/\/agpnoticias.com\/news\/index.php?rest_route=\/wp\/v2\/users\/1"}],"replies":[{"embeddable":true,"href":"https:\/\/agpnoticias.com\/news\/index.php?rest_route=%2Fwp%2Fv2%2Fcomments&post=2972318"}],"version-history":[{"count":1,"href":"https:\/\/agpnoticias.com\/news\/index.php?rest_route=\/wp\/v2\/posts\/2972318\/revisions"}],"predecessor-version":[{"id":2972320,"href":"https:\/\/agpnoticias.com\/news\/index.php?rest_route=\/wp\/v2\/posts\/2972318\/revisions\/2972320"}],"wp:featuredmedia":[{"embeddable":true,"href":"https:\/\/agpnoticias.com\/news\/index.php?rest_route=\/wp\/v2\/media\/2972319"}],"wp:attachment":[{"href":"https:\/\/agpnoticias.com\/news\/index.php?rest_route=%2Fwp%2Fv2%2Fmedia&parent=2972318"}],"wp:term":[{"taxonomy":"category","embeddable":true,"href":"https:\/\/agpnoticias.com\/news\/index.php?rest_route=%2Fwp%2Fv2%2Fcategories&post=2972318"},{"taxonomy":"post_tag","embeddable":true,"href":"https:\/\/agpnoticias.com\/news\/index.php?rest_route=%2Fwp%2Fv2%2Ftags&post=2972318"}],"curies":[{"name":"wp","href":"https:\/\/api.w.org\/{rel}","templated":true}]}}