{"id":2972980,"date":"2024-06-26T10:05:37","date_gmt":"2024-06-26T17:05:37","guid":{"rendered":"https:\/\/agpnoticias.com\/news\/?p=2972980"},"modified":"2024-06-26T10:05:39","modified_gmt":"2024-06-26T17:05:39","slug":"egreso-generacion-2024-de-preparatoria-profesional-y-posgrado-de-cetys-ensenada","status":"publish","type":"post","link":"https:\/\/agpnoticias.com\/news\/?p=2972980","title":{"rendered":"Egreso generaci\u00f3n 2024 de preparatoria, profesional y posgrado de CETYS Ensenada"},"content":{"rendered":"\n\n\n<p><span style=\"font-size: large;\"><span lang=\"ES-MX\">Ensenada, Baja California.- Un total de 150 estudiantes de Preparatoria, 68 de Profesional y 83 de Posgrado se dieron cita en el Campus Internacional Ensenada para celebrar la culminaci\u00f3n de su formaci\u00f3n acad\u00e9mica en CETYS Universidad.<\/span><\/span><\/p>\n<p><span lang=\"ES-MX\"><span style=\"font-size: large;\">Los ahora CETYS Alumni, que forman parte de la Generaci\u00f3n 2024, fueron acompa\u00f1ados por sus familiares y amigos, quienes presenciaron la entrega de diplomas de parte de los directivos de CETYS Universidad. Tanto la ceremonia de Fin de Cursos para Preparatoria y de Graduaci\u00f3n para Profesional y Posgrado fueron presididas por el Dr. Fernando Le\u00f3n Garc\u00eda, Rector del Sistema CETYS Universidad.<\/span><\/span><\/p>\n<p><a href=\"https:\/\/agpnoticias.com\/news\/?attachment_id=2972987\" rel=\"attachment wp-att-2972987\"><img fetchpriority=\"high\" decoding=\"async\" class=\"aligncenter size-full wp-image-2972987\" src=\"https:\/\/agpnoticias.com\/news\/wp-content\/uploads\/2024\/06\/Egresados-de-nivel-Profesional-rindieron-protesta.jpg\" alt=\"\" width=\"958\" height=\"637\" \/><\/a><\/p>\n<h4><span lang=\"ES-MX\"><span style=\"font-size: large;\">Ceremonia de Fin de Cursos<\/span><\/span><\/h4>\n<p><span lang=\"ES-MX\"><span style=\"font-size: large;\">Durante la Ceremonia de Fin de Cursos se reconoci\u00f3 a los alumnos Alondra Daniela Campos Castelo, Elih\u00fa Alejandro Ibarra Hern\u00e1ndez, Manuel Emilio Monta\u00f1o Chairez, Samantha Romo Rivera, Mariana Saavedra Sag\u00fces, Alejandro Segovia Sarmiento y\u00a0 Paula Cristina Sierra Morales por su M\u00e9rito Acad\u00e9mico; asimismo, Elih\u00fa Alejandro Ibarra Hern\u00e1ndez\u00a0 recibi\u00f3 la Medalla de Honor, mientras que Mauricio Victorero Montes obtuvo Menci\u00f3n Honor\u00edfica por su constancia y desempe\u00f1o.<\/span><\/span><\/p>\n<p><a href=\"https:\/\/agpnoticias.com\/news\/?attachment_id=2972984\" rel=\"attachment wp-att-2972984\"><img decoding=\"async\" class=\"aligncenter size-full wp-image-2972984\" src=\"https:\/\/agpnoticias.com\/news\/wp-content\/uploads\/2024\/06\/Elihu-Alejandro-Ibarra-Hernandez-ofrecio-discurso-a-los-egresados-de-Preparatoria.jpg\" alt=\"\" width=\"1200\" height=\"812\" srcset=\"https:\/\/agpnoticias.com\/news\/wp-content\/uploads\/2024\/06\/Elihu-Alejandro-Ibarra-Hernandez-ofrecio-discurso-a-los-egresados-de-Preparatoria.jpg 1200w, https:\/\/agpnoticias.com\/news\/wp-content\/uploads\/2024\/06\/Elihu-Alejandro-Ibarra-Hernandez-ofrecio-discurso-a-los-egresados-de-Preparatoria-1024x693.jpg 1024w\" sizes=\"(max-width: 1200px) 100vw, 1200px\" \/><\/a><\/p>\n<p><span style=\"font-size: large;\"><span lang=\"ES-MX\">Adem\u00e1s, Elih\u00fa Alejandro Ibarra Hern\u00e1ndez, en representaci\u00f3n de su generaci\u00f3n, enfatiz\u00f3 la importancia de mantener una actitud positiva, \u201c<\/span><i>nadie sabe qu\u00e9 nos depara el<\/i>\u00a0<i><\/i><i>futuro, o siquiera qu\u00e9 le depara al mundo. Sin garant\u00eda de que sigamos en pie el d\u00eda de ma\u00f1ana, valoremos la gran oportunidad que tenemos no s\u00f3lo para so\u00f1ar, sino para hacer<\/i>\u201d.<\/span><\/p>\n<p><span style=\"font-size: large;\"><span lang=\"ES-MX\">Por su parte la maestra Martha Camargo Villa, docente y madrina de generaci\u00f3n de los egresados, comparti\u00f3 un momento emotivo con los asistentes al anunciar su retiro como profesora, \u201c<\/span><i>me retiro satisfecha de saber que abrac\u00e9 mi carrera docente como un apostolado, siempre con la \u00fanica intenci\u00f3n de formar mejores estudiantes, pero, sobre todo, mejores seres humanos<\/i>\u201d, expres\u00f3.<\/span><\/p>\n<p><a href=\"https:\/\/agpnoticias.com\/news\/?attachment_id=2972982\" rel=\"attachment wp-att-2972982\"><img decoding=\"async\" class=\"aligncenter size-full wp-image-2972982\" src=\"https:\/\/agpnoticias.com\/news\/wp-content\/uploads\/2024\/06\/Ceremonia-fin-de-cursos-Generacion-2024.jpg\" alt=\"\" width=\"958\" height=\"637\" \/><\/a><\/p>\n<h4><span lang=\"ES-MX\"><span style=\"font-size: large;\">Ceremonia de<\/span><\/span><span lang=\"ES-MX\"><span style=\"font-size: large;\"> Grad<\/span><\/span><span lang=\"ES-MX\"><span style=\"font-size: large;\">uaci\u00f3n<\/span><\/span><span lang=\"ES-MX\"><span style=\"font-size: large;\"> de Profesional y Posgrado<\/span><\/span><\/h4>\n<p><span style=\"font-size: large;\"><span lang=\"ES-MX\">El Dr. Fernando Le\u00f3n Garc\u00eda, Rector del Sistema CETYS Universidad, destac\u00f3 que el \u00edndice de movilidad internacional para esta generaci\u00f3n en todo el CETYS es del 74%, mientras que para el campus Ensenada en general fue del 83% y para los egresados de la Escuela en Administraci\u00f3n y Negocios fue del 100%.<\/span><\/span><\/p>\n<p><span style=\"font-size: large;\"><span lang=\"ES-MX\">Durante su discurso enfatiz\u00f3 que gracias a la formaci\u00f3n integral de CETYS, los egresados se encuentran preparados para afrontar los inconvenientes y adversidades que surjan:\u00a0\u00a0<\/span><i>\u201cestamos seguros que responder\u00e1n a los retos de liderazgo en sus vidas, recuerden que van equipados con una formaci\u00f3n integral y las herramientas que les permitir\u00e1n sopesar las alternativas desde diferentes \u00e1ngulos, balancear las prioridades y evaluar los riesgos relativos y actuar sobre las conclusiones\u201d,\u00a0<\/i>comparti\u00f3 el Dr. Fernando Le\u00f3n.<\/span><\/p>\n<p><a href=\"https:\/\/agpnoticias.com\/news\/?attachment_id=2972985\" rel=\"attachment wp-att-2972985\"><img loading=\"lazy\" decoding=\"async\" class=\"aligncenter size-full wp-image-2972985\" src=\"https:\/\/agpnoticias.com\/news\/wp-content\/uploads\/2024\/06\/El-Dr.-Fernando-Leon-Garcia-Rector-del-Sistema-CETYS-Universidad-ofrecio-un-discurso.jpg\" alt=\"\" width=\"958\" height=\"637\" \/><\/a><\/p>\n<p><span lang=\"ES-MX\"><span style=\"font-size: large;\">Cabe destacar que, CETYS Universidad promueve la internacionalizaci\u00f3n mediante convenios con universidades extranjeras, permitiendo a los alumnos obtener grados de ambas instituciones. Un ejemplo es el convenio con City University, vigente desde 2005.<\/span><\/span><\/p>\n<p><span style=\"font-size: large;\"><span lang=\"ES-MX\">Al respecto, el Mtro. Antonio Esqueda Flores, Director de la Divisi\u00f3n de Servicios para Estudiantes Internacionales de City University en Seattle, Washington D.C., expuso a los egresados y asistentes:\u00a0<\/span><i><span lang=\"ES-MX\">\u201cJuntos, CETYS y CityU han graduado a m\u00e1s de mil l\u00edderes, que se suman a los m\u00e1s de 60 mil egresados que tenemos en todo el mundo. Ustedes son los futuros l\u00edderes que el mundo necesita\u201d.<\/span><\/i><\/span><\/p>\n<p><a href=\"https:\/\/agpnoticias.com\/news\/?attachment_id=2972983\" rel=\"attachment wp-att-2972983\"><img loading=\"lazy\" decoding=\"async\" class=\"aligncenter size-full wp-image-2972983\" src=\"https:\/\/agpnoticias.com\/news\/wp-content\/uploads\/2024\/06\/Martin-Skelton-Director-General-de-Casa-Pedro-Domecq-fue-el-Orador-de-Generacion-en-la-ceremonia.jpg\" alt=\"\" width=\"958\" height=\"637\" \/><\/a><\/p>\n<p><span lang=\"ES-MX\"><span style=\"font-size: large;\">Martin Skelton, Director General de Casa Pedro Domecq, fue el Orador de Generaci\u00f3n en la ceremonia, durante su discurso comparti\u00f3 su experiencia personal y consejos de resiliencia a los j\u00f3venes egresados.\u00a0<\/span><\/span><\/p>\n<p><span style=\"font-size: large;\"><i><span lang=\"ES-MX\">\u201cLes tengo tres consejos: Haz lo que te gusta y hazlo bien, es obvio que trabajar\u00e1s mejor. Segundo, las habilidades de comunicaci\u00f3n s\u00ed importan; es aterrador hablar en p\u00fablico pero un l\u00edder no puede tener miedo de hablar frente a sus compa\u00f1eros. Tres, los valores de la empresa donde trabajas son importantes; no hay buenos resultados sin buenos valores. Busca una empresa que ofrezca igualdad de oportunidades a todas y a todos\u201d,\u00a0<\/span><\/i><span lang=\"ES-MX\">puntualiz\u00f3\u00a0<\/span><span lang=\"ES-MX\">Martin Skelton.<\/span><\/span><\/p>\n<p><a href=\"https:\/\/agpnoticias.com\/news\/?attachment_id=2972986\" rel=\"attachment wp-att-2972986\"><img loading=\"lazy\" decoding=\"async\" class=\"aligncenter size-full wp-image-2972986\" src=\"https:\/\/agpnoticias.com\/news\/wp-content\/uploads\/2024\/06\/Angel-Alberto-Carrillo-Angulo-egresado-de-la-maestria-en-Ingenieria-e-Innovacion.jpg\" alt=\"\" width=\"958\" height=\"637\" \/><\/a><\/p>\n<p><span style=\"font-size: large;\"><span lang=\"ES-MX\">\u00c1ngel Alberto Carrillo Angulo, egresado de la maestr\u00eda en Ingenier\u00eda e Innovaci\u00f3n, en representaci\u00f3n de los graduados, hizo una invitaci\u00f3n a continuar trabajando con la convicci\u00f3n de lograr el \u00e9xito para lograr un cambio positivo en el mundo, \u201c<\/span><i>Creo firmemente que fortaleciendo a las personas que nos rodean, nos estamos fortaleciendo a nosotros mismos<\/i>\u201d.<\/span><\/p>\n<p><a href=\"https:\/\/agpnoticias.com\/news\/?attachment_id=2972988\" rel=\"attachment wp-att-2972988\"><img loading=\"lazy\" decoding=\"async\" class=\"aligncenter size-full wp-image-2972988\" src=\"https:\/\/agpnoticias.com\/news\/wp-content\/uploads\/2024\/06\/Familiares-y-amigos-acudieron-a-felicitar-a-los-egresados.jpg\" alt=\"\" width=\"958\" height=\"637\" \/><\/a><\/p>\n<p><span style=\"font-size: large;\"><span lang=\"ES-MX\">Para culminar el evento, el Mtro. Mart\u00edn Torres Prieto, en representaci\u00f3n del presidente del Instituto Educativo del Noroeste A.C. (IENAC), record\u00f3 a los estudiantes que \u201c<\/span><i>el conocimiento y las habilidades que han adquirido en CETYS los equipara para hacer contribuciones significativas a sus comunidades y su pa\u00eds. Tienen una enorme responsabilidad, aparejada a una enorme oportunidad de \u00e9xito<\/i>\u201d.<\/span><\/p>\n","protected":false},"excerpt":{"rendered":"","protected":false},"author":1,"featured_media":2972981,"comment_status":"closed","ping_status":"closed","sticky":false,"template":"","format":"standard","meta":{"footnotes":""},"categories":[1,1152],"tags":[],"class_list":["post-2972980","post","type-post","status-publish","format-standard","has-post-thumbnail","hentry","category-uncategorized","category-editor-seleccion"],"_links":{"self":[{"href":"https:\/\/agpnoticias.com\/news\/index.php?rest_route=\/wp\/v2\/posts\/2972980","targetHints":{"allow":["GET"]}}],"collection":[{"href":"https:\/\/agpnoticias.com\/news\/index.php?rest_route=\/wp\/v2\/posts"}],"about":[{"href":"https:\/\/agpnoticias.com\/news\/index.php?rest_route=\/wp\/v2\/types\/post"}],"author":[{"embeddable":true,"href":"https:\/\/agpnoticias.com\/news\/index.php?rest_route=\/wp\/v2\/users\/1"}],"replies":[{"embeddable":true,"href":"https:\/\/agpnoticias.com\/news\/index.php?rest_route=%2Fwp%2Fv2%2Fcomments&post=2972980"}],"version-history":[{"count":1,"href":"https:\/\/agpnoticias.com\/news\/index.php?rest_route=\/wp\/v2\/posts\/2972980\/revisions"}],"predecessor-version":[{"id":2972989,"href":"https:\/\/agpnoticias.com\/news\/index.php?rest_route=\/wp\/v2\/posts\/2972980\/revisions\/2972989"}],"wp:featuredmedia":[{"embeddable":true,"href":"https:\/\/agpnoticias.com\/news\/index.php?rest_route=\/wp\/v2\/media\/2972981"}],"wp:attachment":[{"href":"https:\/\/agpnoticias.com\/news\/index.php?rest_route=%2Fwp%2Fv2%2Fmedia&parent=2972980"}],"wp:term":[{"taxonomy":"category","embeddable":true,"href":"https:\/\/agpnoticias.com\/news\/index.php?rest_route=%2Fwp%2Fv2%2Fcategories&post=2972980"},{"taxonomy":"post_tag","embeddable":true,"href":"https:\/\/agpnoticias.com\/news\/index.php?rest_route=%2Fwp%2Fv2%2Ftags&post=2972980"}],"curies":[{"name":"wp","href":"https:\/\/api.w.org\/{rel}","templated":true}]}}