{"id":2974065,"date":"2024-07-27T16:07:46","date_gmt":"2024-07-27T23:07:46","guid":{"rendered":"https:\/\/agpnoticias.com\/news\/?p=2974065"},"modified":"2024-07-27T16:33:47","modified_gmt":"2024-07-27T23:33:47","slug":"alexis-lopez-de-san-felipe-a-paris-cumpliendo-el-sueno-olimpico","status":"publish","type":"post","link":"https:\/\/agpnoticias.com\/news\/?p=2974065","title":{"rendered":"Alexis L\u00f3pez, de San Felipe a Par\u00eds cumpliendo el sue\u00f1o ol\u00edmpico"},"content":{"rendered":"\n\n\n<p>Par\u00eds, Francia.- \u201cSiempre fue mi sue\u00f1o, siempre fue mi objetivo\u201d, comentaba el remero en entrevista realizada en el Centro de Alto Rendimiento de Tijuana hace unos meses; hoy el nacido en San Felipe, Baja California, el 1 de mayo de 1997, Alexis Bladimir L\u00f3pez Garc\u00eda, se encuentra a unas horas de cumplir el sue\u00f1o ol\u00edmpico.<\/p>\n<p>Los Juegos Ol\u00edmpicos de Par\u00eds 2024 ya iniciaron y el bajacaliforniano competir\u00e1 este 28 de julio en la sede n\u00e1utica de Vaires-sur-Marne, junto al pace\u00f1o Miguel Carballo, en la disciplina de remo dentro de la modalidad doble par ligero masculino a partir de las 3:00 hrs (tiempo del pacifico).<\/p>\n<p>Para llegar a la cita ol\u00edmpica, la dupla integrada por Alexis L\u00f3pez y Miguel Carballo, logr\u00f3 el primer lugar en la Final B, de 2x peso ligero, al cronometrar 6:26.49 minutos, en el Campeonato Mundial de Remo 2023, que se realiz\u00f3 en Belgrado, Serbia.<\/p>\n<p>Con este resultado, los mexicanos se adjudicaron el \u00faltimo pase disponible, en esta categor\u00eda, a los Juegos Ol\u00edmpicos Par\u00eds 2024, que se entreg\u00f3 a los mejores siete del orbe, fue la primera vez que M\u00e9xico consigue plaza en un campeonato del mundo.<\/p>\n<p>El sanfelipense comenz\u00f3 a temprana edad su carrera deportiva prepar\u00e1ndose en el Centro de Alto Rendimiento de Remo bajo la supervisi\u00f3n del ya hist\u00f3rico entrenador del Instituto del Deporte y la Cultura F\u00edsica de Baja California, Jos\u00e9 Manuel Loyola.<\/p>\n<p>Alexis, destac\u00f3 r\u00e1pidamente en Nacionales CONADE y con la selecci\u00f3n mexicana. Fue ganador de medallas de plata y oro en los Juegos Panamericanos de Lima Per\u00fa 2019 y medallista de oro en los Juegos Panamericanos de Santiago 2023.<\/p>\n<p>Adem\u00e1s, es tres veces campe\u00f3n mundial de remo bajo techo y medallista de bronce y plata en los mundiales Sub 23 de 2016 y 2017 respectivamente.<\/p>\n<p><em>Informaci\u00f3n: AP.<\/em><\/p>\n","protected":false},"excerpt":{"rendered":"","protected":false},"author":1,"featured_media":2974066,"comment_status":"closed","ping_status":"closed","sticky":false,"template":"","format":"standard","meta":{"footnotes":""},"categories":[73,1167,1151],"tags":[907],"class_list":["post-2974065","post","type-post","status-publish","format-standard","has-post-thumbnail","hentry","category-deportebajacalifornia","category-paris-2024","category-portada","tag-tendencia"],"_links":{"self":[{"href":"https:\/\/agpnoticias.com\/news\/index.php?rest_route=\/wp\/v2\/posts\/2974065","targetHints":{"allow":["GET"]}}],"collection":[{"href":"https:\/\/agpnoticias.com\/news\/index.php?rest_route=\/wp\/v2\/posts"}],"about":[{"href":"https:\/\/agpnoticias.com\/news\/index.php?rest_route=\/wp\/v2\/types\/post"}],"author":[{"embeddable":true,"href":"https:\/\/agpnoticias.com\/news\/index.php?rest_route=\/wp\/v2\/users\/1"}],"replies":[{"embeddable":true,"href":"https:\/\/agpnoticias.com\/news\/index.php?rest_route=%2Fwp%2Fv2%2Fcomments&post=2974065"}],"version-history":[{"count":1,"href":"https:\/\/agpnoticias.com\/news\/index.php?rest_route=\/wp\/v2\/posts\/2974065\/revisions"}],"predecessor-version":[{"id":2974067,"href":"https:\/\/agpnoticias.com\/news\/index.php?rest_route=\/wp\/v2\/posts\/2974065\/revisions\/2974067"}],"wp:featuredmedia":[{"embeddable":true,"href":"https:\/\/agpnoticias.com\/news\/index.php?rest_route=\/wp\/v2\/media\/2974066"}],"wp:attachment":[{"href":"https:\/\/agpnoticias.com\/news\/index.php?rest_route=%2Fwp%2Fv2%2Fmedia&parent=2974065"}],"wp:term":[{"taxonomy":"category","embeddable":true,"href":"https:\/\/agpnoticias.com\/news\/index.php?rest_route=%2Fwp%2Fv2%2Fcategories&post=2974065"},{"taxonomy":"post_tag","embeddable":true,"href":"https:\/\/agpnoticias.com\/news\/index.php?rest_route=%2Fwp%2Fv2%2Ftags&post=2974065"}],"curies":[{"name":"wp","href":"https:\/\/api.w.org\/{rel}","templated":true}]}}