{"id":2974077,"date":"2024-07-27T16:32:04","date_gmt":"2024-07-27T23:32:04","guid":{"rendered":"https:\/\/agpnoticias.com\/news\/?p=2974077"},"modified":"2024-07-27T16:32:06","modified_gmt":"2024-07-27T23:32:06","slug":"natalia-escalera-a-horas-de-su-debut-olimpico-en-paris","status":"publish","type":"post","link":"https:\/\/agpnoticias.com\/news\/?p=2974077","title":{"rendered":"Natalia Escalera, a horas de su debut ol\u00edmpico en Par\u00eds"},"content":{"rendered":"\n\n\n<p>Par\u00eds, Francia.- La nueva estrella de la gimnasia art\u00edstica mexicana tiene nombre y apellido: la bajacaliforniana Natalia Isabel Escalera C\u00e1rdenas participa en sus primeros Juegos Ol\u00edmpicos en Paris, Francia y buscar\u00e1 poner el coraz\u00f3n por delante para entregar un buen resultado para M\u00e9xico.<\/p>\n<p>Ser\u00e1 este domingo 28 de julio a partir de las 00:30 horas, tiempo del pac\u00edfico, cuando Natalia, junto a la cachanilla Alexa Moreno, abran competencia en las rondas de clasificaci\u00f3n dentro de la subdivisi\u00f3n 1.<\/p>\n<p>Los Juegos Ol\u00edmpicos de Paris 2024 son un sue\u00f1o cumplido para la dirigida por el entrenador del INDE BC, Pavel Oceguera, sin embargo, un sue\u00f1o que requiri\u00f3 de una vida entera de trabajo.<\/p>\n<p>\u201cMe siento muy feliz, muy motiva y siento que voy a dar la mejor competencia de mi carrera deportiva\u201d, coment\u00f3 Natalia Escalera.<\/p>\n<p>Tras los resultados del Mundial de Gimnasia Art\u00edstica Amberes 2023, donde M\u00e9xico obtuvo tres cuotas ol\u00edmpicas individuales, la Federaci\u00f3n Mexicana de Gimnasia inform\u00f3 el pasado mes de marzo que Natalia Escalera hab\u00eda sido acreedora de la tercera plaza que el pa\u00eds ten\u00eda disponible en la modalidad de gimnasia art\u00edstica para los Juegos Ol\u00edmpicos de Par\u00eds 2024.<\/p>\n<p>\u201cMi entrenador, Pavel Oceguera, me dio su tel\u00e9fono y me pidi\u00f3 que leyera en voz alta. Yo comenc\u00e9 a leer en mi mente y mir\u00e9 que dec\u00eda: \u2018Natalia Escalera, plaza ol\u00edmpica\u2019, inmediatamente empec\u00e9 a llorar\u201d, coment\u00f3 la gimnasta.<\/p>\n<p>Natalia Escalera naci\u00f3 en Ensenada, Baja California, el 3 de julio de 2002. Y con solo tres a\u00f1os de edad descubri\u00f3 su pasi\u00f3n por la gimnasia art\u00edstica en el gimnasio Baja Dynamo, bajo la direcci\u00f3n del entrenador del Instituto el Deporte y la Cultura F\u00edsica de Baja California Pavel Oceguera Ornelas.<\/p>\n<p>Con ocho a\u00f1os, la gimnasta ensenadense ya destacaba en Nacionales CONADE consiguiendo gran cantidad de medallas. Recientemente, en el Campeonato Panamericano de Gimnasia Art\u00edstica 2023 celebrado en Medell\u00edn, Colombia, Natalia Escalera fue una de las m\u00e1s destacadas con cuatro medallas (plata en all-around y por equipos, y bronce en salto, suelo y barras asim\u00e9tricas).<\/p>\n<p>En los Juegos Centroamericanos y del Caribe San Salvador 2023, a\u00f1adi\u00f3 una plata en salto y el oro en el all-around por equipos. Estuvo presente en el Campeonato del Mundo de Gimnasia Art\u00edstica 2023 logrando buenos resultados. M\u00e1s adelante, en los Juegos Panamericanos de Santiago 2023, logr\u00f3 presea de bronce en la prueba de salto.<\/p>\n<p>La atleta ensenadense asistir\u00e1 a Par\u00eds 2024 junto a la tambi\u00e9n gimnasta bajacaliforniana Alexa Moreno y la jalisciense Athziri Sandoval. Por lo que tambi\u00e9n encuentra un impulso an\u00edmico para tener una buena representaci\u00f3n individual y colectiva por el deporte mexicano.<\/p>\n<p><em>Informaci\u00f3n: INDEBC.<\/em><\/p>\n","protected":false},"excerpt":{"rendered":"","protected":false},"author":1,"featured_media":2974074,"comment_status":"closed","ping_status":"closed","sticky":false,"template":"","format":"standard","meta":{"footnotes":""},"categories":[73,46,1167,1151],"tags":[],"class_list":["post-2974077","post","type-post","status-publish","format-standard","has-post-thumbnail","hentry","category-deportebajacalifornia","category-gimnasia","category-paris-2024","category-portada"],"_links":{"self":[{"href":"https:\/\/agpnoticias.com\/news\/index.php?rest_route=\/wp\/v2\/posts\/2974077","targetHints":{"allow":["GET"]}}],"collection":[{"href":"https:\/\/agpnoticias.com\/news\/index.php?rest_route=\/wp\/v2\/posts"}],"about":[{"href":"https:\/\/agpnoticias.com\/news\/index.php?rest_route=\/wp\/v2\/types\/post"}],"author":[{"embeddable":true,"href":"https:\/\/agpnoticias.com\/news\/index.php?rest_route=\/wp\/v2\/users\/1"}],"replies":[{"embeddable":true,"href":"https:\/\/agpnoticias.com\/news\/index.php?rest_route=%2Fwp%2Fv2%2Fcomments&post=2974077"}],"version-history":[{"count":1,"href":"https:\/\/agpnoticias.com\/news\/index.php?rest_route=\/wp\/v2\/posts\/2974077\/revisions"}],"predecessor-version":[{"id":2974078,"href":"https:\/\/agpnoticias.com\/news\/index.php?rest_route=\/wp\/v2\/posts\/2974077\/revisions\/2974078"}],"wp:featuredmedia":[{"embeddable":true,"href":"https:\/\/agpnoticias.com\/news\/index.php?rest_route=\/wp\/v2\/media\/2974074"}],"wp:attachment":[{"href":"https:\/\/agpnoticias.com\/news\/index.php?rest_route=%2Fwp%2Fv2%2Fmedia&parent=2974077"}],"wp:term":[{"taxonomy":"category","embeddable":true,"href":"https:\/\/agpnoticias.com\/news\/index.php?rest_route=%2Fwp%2Fv2%2Fcategories&post=2974077"},{"taxonomy":"post_tag","embeddable":true,"href":"https:\/\/agpnoticias.com\/news\/index.php?rest_route=%2Fwp%2Fv2%2Ftags&post=2974077"}],"curies":[{"name":"wp","href":"https:\/\/api.w.org\/{rel}","templated":true}]}}