{"id":2975088,"date":"2024-08-20T23:20:00","date_gmt":"2024-08-21T06:20:00","guid":{"rendered":"https:\/\/agpnoticias.com\/news\/?p=2975088"},"modified":"2024-08-21T01:27:31","modified_gmt":"2024-08-21T08:27:31","slug":"el-legado-de-alfredo-marin-mendez-el-impulsor-del-salon-de-la-fama-que-lleva-su-nombre","status":"publish","type":"post","link":"https:\/\/agpnoticias.com\/news\/?p=2975088","title":{"rendered":"El legado de Alfredo Mar\u00edn M\u00e9ndez, el impulsor del Sal\u00f3n de la Fama que lleva su nombre"},"content":{"rendered":"\n<p>Ensenada, Baja California.- Alfredo Mar\u00edn M\u00e9ndez fue el creador de la idea. Casi 30 a\u00f1os despu\u00e9s se ha consumado. Por desgracia, \u00e9l parti\u00f3 hace poco m\u00e1s de ocho.\u00a0<\/p>\n<p>En su ausencia, Ileana Mar\u00edn, su hija, acudi\u00f3 a presenciar la apertura del Sal\u00f3n de la Fama del Deporte de Ensenada.<\/p>\n<p>Como homenaje p\u00f3stumo, el recinto llevar\u00e1 su nombre. Adem\u00e1s de ser el promotor de la iniciativa (desatendida por seis presidentes municipales), el Profe Mar\u00edn ha sido una de las voces m\u00e1s reconocidas en la cr\u00f3nica del deporte. Especialista en boxeo y beisbol.<\/p>\n<div dir=\"auto\">\n<p class=\"p1\">\u201cFue un sue\u00f1o para \u00e9l, amaba el deporte y dec\u00eda que Ensenada deb\u00eda tener un lugar para reconocer a tanto deportista destacado. Fue un honor ser su hija, haber compartido esta vida con \u00e9l. Ten\u00eda una mente privilegiada\u201d, dijo.<\/p>\n<p>El Sal\u00f3n de la Fama se encuentra en el complejo social Riviera del Pac\u00edfico y por lo pronto muestra memorabilia de deportistas locales. En aproximadamente un mes se planea presentar la primera generaci\u00f3n de elegidos.<\/p>\n<\/div>\n","protected":false},"excerpt":{"rendered":"","protected":false},"author":1,"featured_media":2975089,"comment_status":"closed","ping_status":"closed","sticky":false,"template":"","format":"standard","meta":{"footnotes":""},"categories":[1146,1151,1152],"tags":[],"class_list":["post-2975088","post","type-post","status-publish","format-standard","has-post-thumbnail","hentry","category-ensenada","category-portada","category-editor-seleccion"],"_links":{"self":[{"href":"https:\/\/agpnoticias.com\/news\/index.php?rest_route=\/wp\/v2\/posts\/2975088","targetHints":{"allow":["GET"]}}],"collection":[{"href":"https:\/\/agpnoticias.com\/news\/index.php?rest_route=\/wp\/v2\/posts"}],"about":[{"href":"https:\/\/agpnoticias.com\/news\/index.php?rest_route=\/wp\/v2\/types\/post"}],"author":[{"embeddable":true,"href":"https:\/\/agpnoticias.com\/news\/index.php?rest_route=\/wp\/v2\/users\/1"}],"replies":[{"embeddable":true,"href":"https:\/\/agpnoticias.com\/news\/index.php?rest_route=%2Fwp%2Fv2%2Fcomments&post=2975088"}],"version-history":[{"count":2,"href":"https:\/\/agpnoticias.com\/news\/index.php?rest_route=\/wp\/v2\/posts\/2975088\/revisions"}],"predecessor-version":[{"id":2975092,"href":"https:\/\/agpnoticias.com\/news\/index.php?rest_route=\/wp\/v2\/posts\/2975088\/revisions\/2975092"}],"wp:featuredmedia":[{"embeddable":true,"href":"https:\/\/agpnoticias.com\/news\/index.php?rest_route=\/wp\/v2\/media\/2975089"}],"wp:attachment":[{"href":"https:\/\/agpnoticias.com\/news\/index.php?rest_route=%2Fwp%2Fv2%2Fmedia&parent=2975088"}],"wp:term":[{"taxonomy":"category","embeddable":true,"href":"https:\/\/agpnoticias.com\/news\/index.php?rest_route=%2Fwp%2Fv2%2Fcategories&post=2975088"},{"taxonomy":"post_tag","embeddable":true,"href":"https:\/\/agpnoticias.com\/news\/index.php?rest_route=%2Fwp%2Fv2%2Ftags&post=2975088"}],"curies":[{"name":"wp","href":"https:\/\/api.w.org\/{rel}","templated":true}]}}