{"id":2975100,"date":"2024-08-21T07:35:05","date_gmt":"2024-08-21T14:35:05","guid":{"rendered":"https:\/\/agpnoticias.com\/news\/?p=2975100"},"modified":"2024-08-21T07:37:11","modified_gmt":"2024-08-21T14:37:11","slug":"proponen-crear-3-nuevos-estados-en-mexico-cuales-y-como-cambiaria-el-mapa","status":"publish","type":"post","link":"https:\/\/agpnoticias.com\/news\/?p=2975100","title":{"rendered":"Proponen crear 3 nuevos estados en M\u00e9xico, \u00bfCu\u00e1les y c\u00f3mo cambiar\u00eda el mapa?"},"content":{"rendered":"\n<p>Ciudad de M\u00e9xico.- Actualmente, existe una propuesta para crear 3 nuevos estados en M\u00e9xico, una iniciativa que podr\u00eda redefinir la configuraci\u00f3n territorial del pa\u00eds. Aqu\u00ed te decimos\u00a0cu\u00e1les son y c\u00f3mo cambiar\u00eda el mapa<\/p>\n<h2 class=\"article-sub-heading\">\u00bfCu\u00e1les son los 3 nuevos estados que proponen crear?\u00a0<\/h2>\n<p data-t=\"{&quot;n&quot;:&quot;blueLinks&quot;}\">Los\u00a0<strong>3 nuevos estados que proponen crear en M\u00e9xico<\/strong>\u00a0son:\u00a0<\/p>\n<ol>\n<li data-t=\"{&quot;n&quot;:&quot;blueLinks&quot;}\">La Laguna: Este nuevo estado se conformar\u00eda con seis municipios de Coahuila y quince de Durango, incluyendo la ciudad de Torre\u00f3n, que podr\u00eda convertirse en la capital. La regi\u00f3n es conocida por sus trece lagunas, un atractivo natural que podr\u00eda ser potenciado tur\u00edsticamente.<\/li>\n<li class=\"continue-read-break\" data-t=\"{&quot;n&quot;:&quot;blueLinks&quot;}\">La Huasteca: Este estado abarcar\u00eda un \u00e1rea que actualmente pertenece a varias entidades, incluyendo el norte de Veracruz, el sur de Tamaulipas, el sureste de San Luis Potos\u00ed, el norte de Puebla, el este de Hidalgo y algunas zonas de Quer\u00e9taro y Guanajuato. La capital\u00a0<strong>propuesta<\/strong>\u00a0para La Huasteca ser\u00eda Tampico, un importante puerto en el Golfo de M\u00e9xico.<\/li>\n<li data-t=\"{&quot;n&quot;:&quot;blueLinks&quot;}\">Caletano: Este<strong>\u00a0nuevo estado<\/strong>\u00a0estar\u00eda formado por partes de Michoac\u00e1n, Guerrero y el Estado de M\u00e9xico. La creaci\u00f3n de Caletano responde a la necesidad de atender problemas graves de pobreza y violencia en la regi\u00f3n, con la esperanza de que una nueva entidad administrativa pueda gestionar mejor estos desaf\u00edos.<\/li>\n<\/ol>\n<div class=\"media media-element-container media-default\">\n<div class=\"article-image-slot image-slot-placeholder\" data-doc-id=\"cms\/api\/amp\/image\/AA1p8esG\">\n<div class=\"article-image-slot\">\n<div class=\"article-image-container\" data-t=\"{&quot;n&quot;:&quot;OpenModal&quot;,&quot;t&quot;:13,&quot;b&quot;:8,&quot;c.i&quot;:&quot;AA1p881E&quot;,&quot;c.l&quot;:false,&quot;c.t&quot;:13,&quot;c.v&quot;:&quot;finance&quot;,&quot;c.c&quot;:&quot;financenews&quot;,&quot;c.b&quot;:&quot;Dinero en Imagen&quot;,&quot;c.bi&quot;:&quot;AA9gNlO&quot;,&quot;c.hl&quot;:&quot;Proponen crear 3 nuevos estados en M\u00e9xico, \u00bfcu\u00e1les y c\u00f3mo cambiar\u00eda el mapa?&quot;}\" data-test-id=\"AA1p8esG\">\n<div class=\"article-image-height-wrapper expandable article-image-height-wrapper-new\" tabindex=\"0\" data-customhandled=\"true\" data-t=\"{&quot;n&quot;:&quot;destination&quot;,&quot;b&quot;:1,&quot;c.i&quot;:&quot;AA1p881E&quot;,&quot;c.l&quot;:false,&quot;c.t&quot;:13,&quot;c.v&quot;:&quot;finance&quot;,&quot;c.c&quot;:&quot;financenews&quot;,&quot;c.b&quot;:&quot;Dinero en Imagen&quot;,&quot;c.bi&quot;:&quot;AA9gNlO&quot;,&quot;c.hl&quot;:&quot;Proponen crear 3 nuevos estados en M\u00e9xico, \u00bfcu\u00e1les y c\u00f3mo cambiar\u00eda el mapa?&quot;}\">\n<div>\u00a0<\/div>\n<img decoding=\"async\" class=\"article-image article-image-ux-impr article-image-new expandable\" title=\"Mapa de M\u00e9xico \" src=\"https:\/\/img-s-msn-com.akamaized.net\/tenant\/amp\/entityid\/AA1p8esG.img?w=768&amp;h=576&amp;m=6\" alt=\"Mapa de M\u00e9xico \" \/><\/div>\n<div class=\"image-caption-container image-caption-container-ux-impr articlewc-image-caption-container \"><span class=\"image-caption\">Mapa de M\u00e9xico<\/span><\/div>\n<\/div>\n<\/div>\n<\/div>\n<\/div>\n<h2 class=\"article-sub-heading\">\u00bfC\u00f3mo cambiar\u00eda el mapa de M\u00e9xico con los 3 nuevos estados?\u00a0<\/h2>\n<p data-t=\"{&quot;n&quot;:&quot;blueLinks&quot;}\">Una pregunta que surge con la propuesta de crear 3 nuevos estados en M\u00e9xico es:\u00a0<strong>\u00bfc\u00f3mo cambiar\u00eda el mapa del pa\u00eds?<\/strong><\/p>\n<p data-t=\"{&quot;n&quot;:&quot;blueLinks&quot;}\">Si se aprobara la\u00a0creaci\u00f3n de estos tres\u00a0estados, M\u00e9xico\u00a0pasar\u00eda de tener 32 a 35 entidades federativas. El nuevo mapa mostrar\u00eda una fragmentaci\u00f3n en regiones tradicionalmente unidas bajo una sola jurisdicci\u00f3n, dando lugar a nuevas din\u00e1micas.\u00a0<\/p>\n<p data-t=\"{&quot;n&quot;:&quot;blueLinks&quot;}\">Por ejemplo,\u00a0<strong>la Laguna\u00a0<\/strong>tomar\u00eda una porci\u00f3n significativa del noreste de M\u00e9xico, modificando los l\u00edmites actuales de Coahuila y Durango.<\/p>\n<p data-t=\"{&quot;n&quot;:&quot;blueLinks&quot;}\">Ahora bien, la Huasteca reconfigurar\u00eda la regi\u00f3n del Golfo y parte del centro-norte, alterando significativamente los mapas de Veracruz, Tamaulipas, San Luis Potos\u00ed y otras entidades.<\/p>\n<p data-t=\"{&quot;n&quot;:&quot;blueLinks&quot;}\">En tanto,<strong>\u00a0Caletano<\/strong>\u00a0cambiar\u00eda el panorama del centro-sur del pa\u00eds, afectando a Michoac\u00e1n, Guerrero y el Estado de M\u00e9xico, al crear una nueva entidad con una misi\u00f3n espec\u00edfica de desarrollo.<\/p>\n<p data-t=\"{&quot;n&quot;:&quot;blueLinks&quot;}\">Esta modificaci\u00f3n no s\u00f3lo alterar\u00eda el mapa geogr\u00e1fico, sino que tambi\u00e9n tendr\u00eda un impacto en la distribuci\u00f3n de recursos, la representaci\u00f3n pol\u00edtica y la administraci\u00f3n p\u00fablica.<\/p>\n<div class=\"media media-element-container media-default\">\n<div class=\"article-image-slot image-slot-placeholder\" data-doc-id=\"cms\/api\/amp\/image\/AA1p8cGJ\">\n<div class=\"article-image-slot\">\n<div class=\"article-image-container\" data-t=\"{&quot;n&quot;:&quot;OpenModal&quot;,&quot;t&quot;:13,&quot;b&quot;:8,&quot;c.i&quot;:&quot;AA1p881E&quot;,&quot;c.l&quot;:false,&quot;c.t&quot;:13,&quot;c.v&quot;:&quot;finance&quot;,&quot;c.c&quot;:&quot;financenews&quot;,&quot;c.b&quot;:&quot;Dinero en Imagen&quot;,&quot;c.bi&quot;:&quot;AA9gNlO&quot;,&quot;c.hl&quot;:&quot;Proponen crear 3 nuevos estados en M\u00e9xico, \u00bfcu\u00e1les y c\u00f3mo cambiar\u00eda el mapa?&quot;}\" data-test-id=\"AA1p8cGJ\">\n<div class=\"article-image-height-wrapper expandable article-image-height-wrapper-new\" tabindex=\"0\" data-customhandled=\"true\" data-t=\"{&quot;n&quot;:&quot;destination&quot;,&quot;b&quot;:1,&quot;c.i&quot;:&quot;AA1p881E&quot;,&quot;c.l&quot;:false,&quot;c.t&quot;:13,&quot;c.v&quot;:&quot;finance&quot;,&quot;c.c&quot;:&quot;financenews&quot;,&quot;c.b&quot;:&quot;Dinero en Imagen&quot;,&quot;c.bi&quot;:&quot;AA9gNlO&quot;,&quot;c.hl&quot;:&quot;Proponen crear 3 nuevos estados en M\u00e9xico, \u00bfcu\u00e1les y c\u00f3mo cambiar\u00eda el mapa?&quot;}\">\n<div>\u00a0<\/div>\n<img decoding=\"async\" class=\"article-image article-image-ux-impr article-image-new expandable\" title=\"Centro Hist\u00f3rico de la CDMX \" src=\"https:\/\/img-s-msn-com.akamaized.net\/tenant\/amp\/entityid\/AA1p8cGJ.img?w=768&amp;h=576&amp;m=6\" alt=\"Centro Hist\u00f3rico de la CDMX \" \/><\/div>\n<div class=\"image-caption-container image-caption-container-ux-impr articlewc-image-caption-container \"><span class=\"image-caption\">Centro Hist\u00f3rico de la CDMX<\/span><\/div>\n<\/div>\n<\/div>\n<\/div>\n<\/div>\n<h2 class=\"article-sub-heading\">\u00bfC\u00f3mo va la propuesta de crear 3 nuevos estados en M\u00e9xico?\u00a0<\/h2>\n<p data-t=\"{&quot;n&quot;:&quot;blueLinks&quot;}\">El proceso para\u00a0crear estos nuevos estados\u00a0no es sencillo. Requerir\u00eda una reforma constitucional, el apoyo del Congreso y, posiblemente, un refer\u00e9ndum en las regiones afectadas.\u00a0<\/p>\n<p data-t=\"{&quot;n&quot;:&quot;blueLinks&quot;}\">La discusi\u00f3n sobre la viabilidad de\u00a0crear 3 nuevos\u00a0estados en M\u00e9xico\u00a0contin\u00faa, y aunque a\u00fan no hay fechas definidas para su posible implementaci\u00f3n, el tema sigue siendo objeto de an\u00e1lisis.\u00a0<\/p>\n","protected":false},"excerpt":{"rendered":"","protected":false},"author":1,"featured_media":2975101,"comment_status":"closed","ping_status":"closed","sticky":false,"template":"","format":"standard","meta":{"footnotes":""},"categories":[1],"tags":[],"class_list":["post-2975100","post","type-post","status-publish","format-standard","has-post-thumbnail","hentry","category-uncategorized"],"_links":{"self":[{"href":"https:\/\/agpnoticias.com\/news\/index.php?rest_route=\/wp\/v2\/posts\/2975100","targetHints":{"allow":["GET"]}}],"collection":[{"href":"https:\/\/agpnoticias.com\/news\/index.php?rest_route=\/wp\/v2\/posts"}],"about":[{"href":"https:\/\/agpnoticias.com\/news\/index.php?rest_route=\/wp\/v2\/types\/post"}],"author":[{"embeddable":true,"href":"https:\/\/agpnoticias.com\/news\/index.php?rest_route=\/wp\/v2\/users\/1"}],"replies":[{"embeddable":true,"href":"https:\/\/agpnoticias.com\/news\/index.php?rest_route=%2Fwp%2Fv2%2Fcomments&post=2975100"}],"version-history":[{"count":2,"href":"https:\/\/agpnoticias.com\/news\/index.php?rest_route=\/wp\/v2\/posts\/2975100\/revisions"}],"predecessor-version":[{"id":2975104,"href":"https:\/\/agpnoticias.com\/news\/index.php?rest_route=\/wp\/v2\/posts\/2975100\/revisions\/2975104"}],"wp:featuredmedia":[{"embeddable":true,"href":"https:\/\/agpnoticias.com\/news\/index.php?rest_route=\/wp\/v2\/media\/2975101"}],"wp:attachment":[{"href":"https:\/\/agpnoticias.com\/news\/index.php?rest_route=%2Fwp%2Fv2%2Fmedia&parent=2975100"}],"wp:term":[{"taxonomy":"category","embeddable":true,"href":"https:\/\/agpnoticias.com\/news\/index.php?rest_route=%2Fwp%2Fv2%2Fcategories&post=2975100"},{"taxonomy":"post_tag","embeddable":true,"href":"https:\/\/agpnoticias.com\/news\/index.php?rest_route=%2Fwp%2Fv2%2Ftags&post=2975100"}],"curies":[{"name":"wp","href":"https:\/\/api.w.org\/{rel}","templated":true}]}}