{"id":2975125,"date":"2024-08-21T12:56:22","date_gmt":"2024-08-21T19:56:22","guid":{"rendered":"https:\/\/agpnoticias.com\/news\/?p=2975125"},"modified":"2024-08-21T12:56:24","modified_gmt":"2024-08-21T19:56:24","slug":"rafael-bravo-de-hacer-malabares-en-las-calles-a-ser-campeon-de-jiu-jitsu","status":"publish","type":"post","link":"https:\/\/agpnoticias.com\/news\/?p=2975125","title":{"rendered":"Rafael Bravo: De hacer malabares en las calles a ser campe\u00f3n de Jiu- Jitsu"},"content":{"rendered":"\n<p data-ogsc=\"rgb(0, 0, 0)\">Ensenada, Baja California.- Rafael Bravo Beltr\u00e1n es un joven ensenadense que ha logrado ser campe\u00f3n de Jiu- Jitsu en Estados Unidos en el torneo de la Norh American Grappling Association (NAGA), sin embargo, el camino no ha sido sencillo, desde trabajar haciendo malabares en las calles hasta cruzar a San Diego con 70 d\u00f3lares en los bolsillos para cumplir su sue\u00f1o.<\/p>\n<div data-ogsc=\"rgb(0, 0, 0)\">\u00a0<\/div>\n<p data-ogsc=\"rgb(0, 0, 0)\">\u201cMi primer encuentro con las artes marciales fue en el boxeo cuando yo ten\u00eda 13 a\u00f1os, iba a una escuela secundaria en Punta Banda donde los chicos <span dir=\"ltr\">de la tarde<\/span> eran muy violentos y como yo era de otra colonia eran agresivos conmigo, me ped\u00edan dinero y si no les daba me correteaban y me pegaban, as\u00ed que corr\u00eda con todas mis fuerzas y me ocultaba en alg\u00fan negocio\u201d, relat\u00f3.<\/p>\n<p data-ogsc=\"rgb(0, 0, 0)\"><a href=\"https:\/\/agpnoticias.com\/news\/?attachment_id=2975127\" rel=\"attachment wp-att-2975127\"><img fetchpriority=\"high\" decoding=\"async\" class=\"aligncenter size-full wp-image-2975127\" src=\"https:\/\/agpnoticias.com\/news\/wp-content\/uploads\/2024\/08\/IMG_7493.jpeg\" alt=\"\" width=\"1200\" height=\"900\" srcset=\"https:\/\/agpnoticias.com\/news\/wp-content\/uploads\/2024\/08\/IMG_7493.jpeg 1200w, https:\/\/agpnoticias.com\/news\/wp-content\/uploads\/2024\/08\/IMG_7493-1024x768.jpeg 1024w\" sizes=\"(max-width: 1200px) 100vw, 1200px\" \/><\/a><\/p>\n<p data-ogsc=\"rgb(0, 0, 0)\">Despu\u00e9s de un tiempo, un conocido le coment\u00f3 que podr\u00eda entrar a clases de box para que se defendiera de quienes lo molestaban. \u00a0<\/p>\n<p data-ogsc=\"rgb(0, 0, 0)\">\u201cSaliendo de la escuela fui y estaba el Zurdo F\u00e9lix entrenando a sus chicos, un entrenador que era reconocido por tener buenos peleadores, le pregunt\u00e9: oiga qu\u00e9 necesito para boxear y me respondi\u00f3: necesitas dos carteras de huevos, muchos huevos, me mand\u00f3 a ponerme unos guantes y as\u00ed fue como empec\u00e9, todo fue m\u00e1s f\u00e1cil porque ya me defend\u00eda y nadie me dec\u00eda nada\u201d, coment\u00f3.<\/p>\n<p data-ogsc=\"rgb(0, 0, 0)\">Rafael dijo que un a\u00f1o despu\u00e9s estuvo viviendo en el poblado de Ojos Negros donde tuvo su primera pelea.<\/p>\n<p data-ogsc=\"rgb(0, 0, 0)\"><a href=\"https:\/\/agpnoticias.com\/news\/?attachment_id=2975128\" rel=\"attachment wp-att-2975128\"><img decoding=\"async\" class=\"aligncenter size-full wp-image-2975128\" src=\"https:\/\/agpnoticias.com\/news\/wp-content\/uploads\/2024\/08\/IMG_7494.jpeg\" alt=\"\" width=\"768\" height=\"576\" \/><\/a><\/p>\n<p data-ogsc=\"rgb(0, 0, 0)\">\u201cHab\u00eda un pastor de una iglesia que ten\u00eda un costal y unos guantes, \u00e9l se enter\u00f3 que mi hermano y yo sab\u00edamos boxear y fuimos los primeros que entrenamos con \u00e9l, de repente ya ten\u00eda 40 o 50 alumnos, se arm\u00f3 un evento donde fue mi primera pelea, dur\u00f3 muy poco porque sent\u00ed el golpe muy fuerte y me hice bolita y ya no quise seguir\u201d, record\u00f3 entre risas.<\/p>\n<p data-ogsc=\"rgb(0, 0, 0)\">Unos a\u00f1os despu\u00e9s, regres\u00f3 a vivir a Ensenada y a un amigo que le gustaba entrenar en la Academia de Vale Todo que est\u00e1 enfrente de la comandancia de la Calle 9, lo invit\u00f3 a entrenar.<\/p>\n<p data-ogsc=\"rgb(0, 0, 0)\">\u201cEn aquel entonces yo hacia malabares en las calles, incluso daba algunos cursos de malabares y teatro, estaba enfocado un poco m\u00e1s hacia el arte, pero me anim\u00e9 y pagu\u00e9 mi primera clase de kickboxing con el coach El Mango, yo nunca hab\u00eda pateado y me gust\u00f3, ese mismo d\u00eda me qued\u00e9 a una clase m\u00e1s con Kevin Amador, me toc\u00f3 mi primera clase de MMA, yo no ten\u00eda ni idea de c\u00f3mo hacer jiu- jitsu, pero me pude defender bien porque yo sab\u00eda boxeo\u201d, indic\u00f3.<\/p>\n<p data-ogsc=\"rgb(0, 0, 0)\">Rafael dijo que al tiempo dej\u00f3 de tener dinero para la mensualidad y ya no pudo seguir entrenando, sin embargo, otros amigos que diario entrenaban y pasaban por su casa lo animaban para que entrenara con ellos, fue un momento complicado porque ten\u00eda que trabajar en las calles y atravesaba por algunas adicciones.<\/p>\n<p data-ogsc=\"rgb(0, 0, 0)\">\u201cPasaban y me dec\u00edan vamos a entrenar, peor yo me iba al sem\u00e1foro en las tardes, hac\u00eda dinero y prend\u00eda lumbre, siempre pasaba un peleador ex campe\u00f3n llamado Gammaliel Escarrega y me dec\u00eda que fuera a entrenar, yo le dije que si quer\u00eda, pero no ten\u00eda para pagar, pero \u00e9l me dijo: yo te voy a hacer el paro si vas ahorita, me quite el tizne que ten\u00eda por los malabares con fuego y de ah\u00ed ya nunca pare con las artes marciales mixtas\u201d, expres\u00f3.<\/p>\n<p data-ogsc=\"rgb(0, 0, 0)\">Con el tiempo tuvo su primera pelea de MMA, sin embargo, \u00e9l pesaba 170 libras y su contrincante 185, pero debido a que no hab\u00eda m\u00e1s contrincantes, realizaron la pelea.<\/p>\n<p data-ogsc=\"rgb(0, 0, 0)\">\u201cDe ah\u00ed segu\u00ed peleando, perd\u00ed un par, luego empec\u00e9 a ganar, tuve una buena racha de muchas ganadas en el primer round, fui campe\u00f3n de kickboxing amateur, despu\u00e9s hice mi debut profesional en Tijuana en la empresa Ultimate Warrior Challenge UWC en 2020, perd\u00ed en el primer round v\u00eda sumisi\u00f3n y me sent\u00ed muy triste, pens\u00e9 que todo se hab\u00eda acabado, regres\u00e9 a Ensenada\u201d, record\u00f3.<\/p>\n<p data-ogsc=\"rgb(0, 0, 0)\">Rafael mencion\u00f3 que atraves\u00f3 un periodo de depresi\u00f3n en el que no quiso seguir peleando, por lo que empez\u00f3 a trabajar en un conocido restaurante de cortes de carne en Ensenada, donde una noche la suerte estuvo a su favor.<\/p>\n<p data-ogsc=\"rgb(0, 0, 0)\">\u201cUn d\u00eda estaba comiendo el alcalde en el restaurante y mis compa\u00f1eros me dec\u00edan que le pidiera apoyo, pero yo no quer\u00eda incomodar, cuando se par\u00f3 para irse, le dije que era peleador y que buscaba apoyo, me dieron una cita con \u00e9l y el equipo que uso actualmente que son guantes, concha, espinilleras, todo eso me lo proporcion\u00f3 el gobierno municipal para que siguiera entrenando, a pesar de que perd\u00ed ellos me apoyaron\u201d, reconoci\u00f3.<\/p>\n<p data-ogsc=\"rgb(0, 0, 0)\">Eso lo anim\u00f3, as\u00ed que decidi\u00f3 renunciar a su trabajo e ir a Tijuana para buscar a Ra\u00fal Arvizu, un reconocido entrenador que tiene varios peleadores en la UFC y que constantemente brinda apoyo a los j\u00f3venes a los que les ve futuro.<\/p>\n<p data-ogsc=\"rgb(0, 0, 0)\">\u201cLamentablemente cuando fui \u00e9l no estaba en Tijuana, estaba en otro pa\u00eds, me dijeron que iba a tardar dos semanas, pero yo no quer\u00eda esperar, as\u00ed que tom\u00e9 la decisi\u00f3n de cruzar a San Diego me dieron mi finiquito del trabajo y ten\u00eda aproximadamente 5 mil pesos, cuando llegu\u00e9 a San Diego ten\u00eda 70 d\u00f3lares, a los tres d\u00edas ya ten\u00eda trabajo y donde dormir\u201d, relat\u00f3.<\/p>\n<p data-ogsc=\"rgb(0, 0, 0)\">Las primeras dos semanas se enfoc\u00f3 en conseguir empleo para poder pagar un gimnasio que le permitiera mejorar.<\/p>\n<p data-ogsc=\"rgb(0, 0, 0)\">\u201cEn Estados Unidos el nivel de \u201cgrappling\u201d, la lucha en el piso, lo que son derribos, sumisiones, y todo eso es muy bueno, son expertos, y como a yo perd\u00ed por sumisi\u00f3n ten\u00eda que mejorar en eso, as\u00ed que llegu\u00e9 al gimnasio 10th Planet Jiu Jitsu donde tengo m\u00e1s de dos a\u00f1os, en marzo me dieron mi cinta azul, en marzo particip\u00e9 en mi primer torneo llamado NAGA en el cual sal\u00ed victorioso por un punto\u201d, destac\u00f3.<\/p>\n<p data-ogsc=\"rgb(0, 0, 0)\">Rafel coment\u00f3 que actualmente est\u00e1 entrenando para participar en su segundo torneo que se llevar\u00e1 a cabo en septiembre, sin embargo, consider\u00f3 que es importante dejar un mensaje a los j\u00f3venes que sue\u00f1an con ser peleadores, para que no se desanimen.<\/p>\n<p data-ogsc=\"rgb(0, 0, 0)\">\u201cA los j\u00f3venes les digo que no se rindan, todo se puede en esta vida, tienen que seguir luchando por sus sue\u00f1os, va a haber tropiezos y gente que no te quiere ver triunfar, pero no importa cu\u00e1ntas veces te caigas, sino las que te puedas levantar y seguir adelante, me gustar\u00eda un d\u00eda regresar a Ensenada para poner mi propio gimnasio y transmitir los conocimientos que he aprendido en estos a\u00f1os\u201d, concluy\u00f3.<\/p>\n","protected":false},"excerpt":{"rendered":"","protected":false},"author":1,"featured_media":2975126,"comment_status":"closed","ping_status":"closed","sticky":false,"template":"","format":"standard","meta":{"footnotes":""},"categories":[581,1151],"tags":[],"class_list":["post-2975125","post","type-post","status-publish","format-standard","has-post-thumbnail","hentry","category-artes-marciales","category-portada"],"_links":{"self":[{"href":"https:\/\/agpnoticias.com\/news\/index.php?rest_route=\/wp\/v2\/posts\/2975125","targetHints":{"allow":["GET"]}}],"collection":[{"href":"https:\/\/agpnoticias.com\/news\/index.php?rest_route=\/wp\/v2\/posts"}],"about":[{"href":"https:\/\/agpnoticias.com\/news\/index.php?rest_route=\/wp\/v2\/types\/post"}],"author":[{"embeddable":true,"href":"https:\/\/agpnoticias.com\/news\/index.php?rest_route=\/wp\/v2\/users\/1"}],"replies":[{"embeddable":true,"href":"https:\/\/agpnoticias.com\/news\/index.php?rest_route=%2Fwp%2Fv2%2Fcomments&post=2975125"}],"version-history":[{"count":1,"href":"https:\/\/agpnoticias.com\/news\/index.php?rest_route=\/wp\/v2\/posts\/2975125\/revisions"}],"predecessor-version":[{"id":2975129,"href":"https:\/\/agpnoticias.com\/news\/index.php?rest_route=\/wp\/v2\/posts\/2975125\/revisions\/2975129"}],"wp:featuredmedia":[{"embeddable":true,"href":"https:\/\/agpnoticias.com\/news\/index.php?rest_route=\/wp\/v2\/media\/2975126"}],"wp:attachment":[{"href":"https:\/\/agpnoticias.com\/news\/index.php?rest_route=%2Fwp%2Fv2%2Fmedia&parent=2975125"}],"wp:term":[{"taxonomy":"category","embeddable":true,"href":"https:\/\/agpnoticias.com\/news\/index.php?rest_route=%2Fwp%2Fv2%2Fcategories&post=2975125"},{"taxonomy":"post_tag","embeddable":true,"href":"https:\/\/agpnoticias.com\/news\/index.php?rest_route=%2Fwp%2Fv2%2Ftags&post=2975125"}],"curies":[{"name":"wp","href":"https:\/\/api.w.org\/{rel}","templated":true}]}}