{"id":2975193,"date":"2024-08-23T11:38:33","date_gmt":"2024-08-23T18:38:33","guid":{"rendered":"https:\/\/agpnoticias.com\/news\/?p=2975193"},"modified":"2024-08-23T11:38:35","modified_gmt":"2024-08-23T18:38:35","slug":"el-mayo-zambada-el-momento-exacto-de-su-traslado-a-eu-en-avion","status":"publish","type":"post","link":"https:\/\/agpnoticias.com\/news\/?p=2975193","title":{"rendered":"El Mayo Zambada: El momento exacto de su traslado a EU en avi\u00f3n"},"content":{"rendered":"\n<figure class=\"wp-block-video\"><video height=\"720\" style=\"aspect-ratio: 1280 \/ 720;\" width=\"1280\" controls src=\"https:\/\/agpnoticias.com\/news\/wp-content\/uploads\/2024\/08\/video-zambada-despegue-avion.mp4\"><\/video><figcaption class=\"wp-element-caption\"><strong>Revelan video del momento en que despeg\u00f3 el avi\u00f3n en el que trasladaron a \u2018El Mayo\u2019 Zambada y a Joaqu\u00edn Guzm\u00e1n L\u00f3pez a EE.UU.<\/strong><\/figcaption><\/figure>\n\n\n\n<p data-t=\"{&quot;n&quot;:&quot;blueLinks&quot;}\">Ciudad de M\u00e9xico.- Un video difundido en redes sociales revela los \u00faltimos momentos de<strong>\u00a0Ismael \u201cEl Mayo\u201d Zambada<\/strong>\u00a0en territorio mexicano. La grabaci\u00f3n obtenida por MILENIO muestra el despegue de la avioneta que el pasado 25 de julio traslad\u00f3 al l\u00edder del C\u00e1rtel de Sinaloa y a\u00a0<strong>Joaqu\u00edn Guzm\u00e1n L\u00f3pez\u00a0<\/strong>a Estados Unidos.\u00a0<\/p>\n<p data-t=\"{&quot;n&quot;:&quot;blueLinks&quot;}\">De acuerdo con la informaci\u00f3n proporcionada, la grabaci\u00f3n permite confirmar que el avi\u00f3n despeg\u00f3 del aer\u00f3dromo presentado ayer por la\u00a0<strong>Fiscal\u00eda General de la Rep\u00fablica<\/strong>, ubicado al norte de Culiac\u00e1n, cerca de la comunidad de Campo, Berl\u00edn, en la zona de La Palma, Navolato.\u00a0<\/p>\n<div class=\"image-align-center\">\n<div class=\"article-image-slot image-slot-placeholder\" data-doc-id=\"cms\/api\/amp\/image\/AA1pi0wY\">\n<div class=\"article-image-slot\">\n<div class=\"article-image-container\" data-t=\"{&quot;n&quot;:&quot;OpenModal&quot;,&quot;t&quot;:13,&quot;b&quot;:8,&quot;c.i&quot;:&quot;AA1phTlF&quot;,&quot;c.l&quot;:true,&quot;c.t&quot;:13,&quot;c.v&quot;:&quot;news&quot;,&quot;c.c&quot;:&quot;newsmexico&quot;,&quot;c.b&quot;:&quot;Quinto Poder&quot;,&quot;c.bi&quot;:&quot;BBCYDWX&quot;,&quot;c.hl&quot;:&quot;El Mayo Zambada: El momento exacto de su traslado a EU en avi\u00f3n&quot;}\" data-test-id=\"AA1pi0wY\">\n<div class=\"article-image-height-wrapper expandable article-image-height-wrapper-new\" tabindex=\"0\" data-customhandled=\"true\" data-t=\"{&quot;n&quot;:&quot;destination&quot;,&quot;b&quot;:1,&quot;c.i&quot;:&quot;AA1phTlF&quot;,&quot;c.l&quot;:true,&quot;c.t&quot;:13,&quot;c.v&quot;:&quot;news&quot;,&quot;c.c&quot;:&quot;newsmexico&quot;,&quot;c.b&quot;:&quot;Quinto Poder&quot;,&quot;c.bi&quot;:&quot;BBCYDWX&quot;,&quot;c.hl&quot;:&quot;El Mayo Zambada: El momento exacto de su traslado a EU en avi\u00f3n&quot;}\">\n<div>\u00a0<\/div>\n<img decoding=\"async\" class=\"article-image article-image-ux-impr article-image-new expandable aligncenter\" title=\"El Mayo Zambada: El momento exacto de su traslado a EU en avi\u00f3n\" src=\"https:\/\/img-s-msn-com.akamaized.net\/tenant\/amp\/entityid\/AA1pi0wY.img?w=768&amp;h=428&amp;m=6\" alt=\"El Mayo Zambada: El momento exacto de su traslado a EU en avi\u00f3n\" \/><\/div>\n<h5 class=\"image-caption-container image-caption-container-ux-impr articlewc-image-caption-container \" style=\"text-align: center;\"><span class=\"image-caption\">El Mayo Zambada: El momento exacto de su traslado a EU en avi\u00f3n<\/span><\/h5>\n<\/div>\n<\/div>\n<\/div>\n<\/div>\n<h2 class=\"article-sub-heading\">As\u00ed fue el despegue del avi\u00f3n que traslad\u00f3 al \u201cMayo\u201d Zambada a EEUU<\/h2>\n<p class=\"continue-read-break\" data-t=\"{&quot;n&quot;:&quot;blueLinks&quot;}\">En las im\u00e1genes se aprecia el despegue de un\u00a0<strong>avi\u00f3n bimotor Beechcraft King Air 350<\/strong>, el cual posteriormente aterriz\u00f3 en un aeropuerto de Nuevo M\u00e9xico, Estados Unidos. La grabaci\u00f3n concuerda con las tomas satelitales distribuidas por la FGR, a cargo de Gertz Manero.\u00a0<\/p>\n<p data-t=\"{&quot;n&quot;:&quot;blueLinks&quot;}\">La ubicaci\u00f3n del aeropuerto coincide con la descripci\u00f3n de<strong>\u00a0\u201cEl Mayo\u201d Zambada<\/strong>, pues se encuentra a poco m\u00e1s de 20 minutos del rancho en donde se hab\u00eda acordado el encuentro en el que el narcotraficante fue traicionado y el diputado electo,\u00a0<strong>H\u00e9ctor Cu\u00e9n<\/strong>, fue asesinado.\u00a0<\/p>\n<p data-t=\"{&quot;n&quot;:&quot;blueLinks&quot;}\">Seg\u00fan el relato del capo mexicano, el 25 de julio acudi\u00f3 al rancho<strong>\u00a0Huertos del Pedernal<\/strong>, a las afueras de Culiac\u00e1n, donde fue objeto de una emboscada. Posteriormente, fue obligado a subir a una camioneta y luego a la avioneta que lo traslad\u00f3 a territorio estadounidense.\u00a0<\/p>\n<p class=\"\" data-t=\"{&quot;n&quot;:&quot;blueLinks&quot;}\">\u00abEl 25 de julio, fui al rancho y centro de eventos llamado Huertos del Pedregal, en las afueras de Culiac\u00e1n&#8230; En cuanto puse un pie dentro de aquella habitaci\u00f3n, me tendieron una emboscada. Un grupo de hombres me asalt\u00f3, me tir\u00f3 al suelo y me coloc\u00f3 una capucha de color oscuro en la cabeza. Me ataron y esposaron, y luego me obligaron a meterme en la caja de una camioneta\u2026 Luego me llevaron a una pista de aterrizaje a unos 20 o 25 minutos de distancia, donde me obligaron a subir a un avi\u00f3n privado\u201d, dice la carta de &#8216;El Mayo&#8217;.<\/p>\n<p data-t=\"{&quot;n&quot;:&quot;blueLinks&quot;}\">Esta informaci\u00f3n forma parte de la investigaci\u00f3n que efect\u00faa la Fiscal\u00eda General de la Rep\u00fablica contra el hijo de<strong>\u00a0\u201cEl Chapo\u201d Guzm\u00e1n<\/strong>\u00a0por traici\u00f3n a la patria, pues secuestrar a un mexicano para entregarlo a una autoridad extranjera configura dicho delito.<\/p>\n<p data-t=\"{&quot;n&quot;:&quot;blueLinks&quot;}\">\u00a0<\/p>\n","protected":false},"excerpt":{"rendered":"","protected":false},"author":1,"featured_media":2975195,"comment_status":"closed","ping_status":"closed","sticky":false,"template":"","format":"standard","meta":{"footnotes":""},"categories":[1],"tags":[],"class_list":["post-2975193","post","type-post","status-publish","format-standard","has-post-thumbnail","hentry","category-uncategorized"],"_links":{"self":[{"href":"https:\/\/agpnoticias.com\/news\/index.php?rest_route=\/wp\/v2\/posts\/2975193","targetHints":{"allow":["GET"]}}],"collection":[{"href":"https:\/\/agpnoticias.com\/news\/index.php?rest_route=\/wp\/v2\/posts"}],"about":[{"href":"https:\/\/agpnoticias.com\/news\/index.php?rest_route=\/wp\/v2\/types\/post"}],"author":[{"embeddable":true,"href":"https:\/\/agpnoticias.com\/news\/index.php?rest_route=\/wp\/v2\/users\/1"}],"replies":[{"embeddable":true,"href":"https:\/\/agpnoticias.com\/news\/index.php?rest_route=%2Fwp%2Fv2%2Fcomments&post=2975193"}],"version-history":[{"count":1,"href":"https:\/\/agpnoticias.com\/news\/index.php?rest_route=\/wp\/v2\/posts\/2975193\/revisions"}],"predecessor-version":[{"id":2975196,"href":"https:\/\/agpnoticias.com\/news\/index.php?rest_route=\/wp\/v2\/posts\/2975193\/revisions\/2975196"}],"wp:featuredmedia":[{"embeddable":true,"href":"https:\/\/agpnoticias.com\/news\/index.php?rest_route=\/wp\/v2\/media\/2975195"}],"wp:attachment":[{"href":"https:\/\/agpnoticias.com\/news\/index.php?rest_route=%2Fwp%2Fv2%2Fmedia&parent=2975193"}],"wp:term":[{"taxonomy":"category","embeddable":true,"href":"https:\/\/agpnoticias.com\/news\/index.php?rest_route=%2Fwp%2Fv2%2Fcategories&post=2975193"},{"taxonomy":"post_tag","embeddable":true,"href":"https:\/\/agpnoticias.com\/news\/index.php?rest_route=%2Fwp%2Fv2%2Ftags&post=2975193"}],"curies":[{"name":"wp","href":"https:\/\/api.w.org\/{rel}","templated":true}]}}