{"id":2975369,"date":"2024-08-26T15:41:16","date_gmt":"2024-08-26T22:41:16","guid":{"rendered":"https:\/\/agpnoticias.com\/news\/?p=2975369"},"modified":"2024-08-26T15:41:18","modified_gmt":"2024-08-26T22:41:18","slug":"esta-es-la-pelicula-de-terror-que-estan-filmando-en-ensenada","status":"publish","type":"post","link":"https:\/\/agpnoticias.com\/news\/?p=2975369","title":{"rendered":"Esta es la pel\u00edcula de terror que est\u00e1n filmando en Ensenada"},"content":{"rendered":"\n<p>Ensenada, Baja California.- La ciudad de Ensenada se convierte en un importante set cinematogr\u00e1fico internacional con el rodaje del largometraje \u00abJard\u00edn del Ed\u00e9n\u00bb, dirigido por el cineasta local Esteban Mart\u00ednez. <\/p>\n<p>Este ambicioso proyecto cuenta con la colaboraci\u00f3n de M\u00e9xico, Francia y Espa\u00f1a, y destaca por utilizar emblem\u00e1ticos lugares de la ciudad como el Centro Social, C\u00edvico y Cultural Riviera y las antiguas bodegas de vino en la avenida Miramar.<\/p>\n<p><a href=\"https:\/\/agpnoticias.com\/news\/?attachment_id=2975374\" rel=\"attachment wp-att-2975374\"><img fetchpriority=\"high\" decoding=\"async\" class=\"aligncenter size-full wp-image-2975374\" src=\"https:\/\/agpnoticias.com\/news\/wp-content\/uploads\/2024\/08\/4F0BC119-5734-4B54-BDB3-8CC47D8FC047.jpeg\" alt=\"\" width=\"930\" height=\"662\" \/><\/a><\/p>\n<p>Luc\u00eda Garayzar Rodr\u00edguez, directora del Instituto Municipal de Cultura y Desarrollo Humano de Ensenada (Imcudhe), expres\u00f3 su orgullo al ver a un cineasta ensenadense liderando proyectos de tan alta calidad en su tierra natal. \u00abEs un orgullo que un ensenadense realice proyectos de gran calidad en la regi\u00f3n que lo vio crecer\u00bb, coment\u00f3 Garayzar Rodr\u00edguez.<\/p>\n<p>El Imcudhe, cuya misi\u00f3n incluye apoyar, difundir y promover a artistas locales y sus proyectos, ha respaldado este filme, destacando la importancia de fomentar el s\u00e9ptimo arte en Ensenada.<\/p>\n<p><a href=\"https:\/\/agpnoticias.com\/news\/?attachment_id=2975372\" rel=\"attachment wp-att-2975372\"><img decoding=\"async\" class=\"aligncenter size-full wp-image-2975372\" src=\"https:\/\/agpnoticias.com\/news\/wp-content\/uploads\/2024\/08\/e64224f5-b537-4f94-a6e7-c546f633f891.jpeg\" alt=\"\" width=\"1200\" height=\"675\" srcset=\"https:\/\/agpnoticias.com\/news\/wp-content\/uploads\/2024\/08\/e64224f5-b537-4f94-a6e7-c546f633f891.jpeg 1200w, https:\/\/agpnoticias.com\/news\/wp-content\/uploads\/2024\/08\/e64224f5-b537-4f94-a6e7-c546f633f891-1024x576.jpeg 1024w\" sizes=\"(max-width: 1200px) 100vw, 1200px\" \/><\/a><br \/>Garayzar \u00a0Rodr\u00edguez subray\u00f3 que este apoyo se refleja no solo en la elecci\u00f3n de la ciudad como escenario principal, sino tambi\u00e9n en la participaci\u00f3n de destacados creativos internacionales como el director de fotograf\u00eda espa\u00f1ol Alex Nadal y el camar\u00f3grafo y operador de dron franc\u00e9s Bastien Mougeot.<\/p>\n<p><a href=\"https:\/\/agpnoticias.com\/news\/?attachment_id=2975373\" rel=\"attachment wp-att-2975373\"><img decoding=\"async\" class=\"aligncenter size-full wp-image-2975373\" src=\"https:\/\/agpnoticias.com\/news\/wp-content\/uploads\/2024\/08\/94f4b764-932f-4c68-9148-05ddfe6ce950.jpeg\" alt=\"\" width=\"1200\" height=\"799\" srcset=\"https:\/\/agpnoticias.com\/news\/wp-content\/uploads\/2024\/08\/94f4b764-932f-4c68-9148-05ddfe6ce950.jpeg 1200w, https:\/\/agpnoticias.com\/news\/wp-content\/uploads\/2024\/08\/94f4b764-932f-4c68-9148-05ddfe6ce950-1024x682.jpeg 1024w\" sizes=\"(max-width: 1200px) 100vw, 1200px\" \/><\/a><\/p>\n<p>Mart\u00ednez, Nadal y Mougeot expresaron su satisfacci\u00f3n por la calidez y apoyo de la comunidad ensenadense durante el rodaje. El director del filme, Esteban Mart\u00ednez, comparti\u00f3 que \u00abJard\u00edn del Ed\u00e9n\u00bb es una obra que combina elementos de suspenso, drama y terror, inspirada en cl\u00e1sicos como \u00abTraining Day\u00bb, \u00abEl Abogado del Diablo\u00bb y \u00abEl Padrino\u00bb. \u00abDentro de &#8216;Jard\u00edn del Ed\u00e9n&#8217;, exploramos las profundidades del alma humana, enfrentando a los personajes con dilemas \u00e9ticos y espirituales que retan sus creencias y valores. M\u00e1s que terror, puede ser un thriller psicol\u00f3gico con tensi\u00f3n y misterio\u201d, detall\u00f3 Mart\u00ednez.<\/p>\n<p>La pel\u00edcula, que se espera est\u00e9 lista para su estreno en 2025, ser\u00e1 presentada en festivales de cine tanto nacionales como internacionales antes de su lanzamiento en salas de cine en M\u00e9xico y Latinoam\u00e9rica.<\/p>\n","protected":false},"excerpt":{"rendered":"","protected":false},"author":1,"featured_media":2975375,"comment_status":"closed","ping_status":"closed","sticky":false,"template":"","format":"standard","meta":{"footnotes":""},"categories":[1],"tags":[],"class_list":["post-2975369","post","type-post","status-publish","format-standard","has-post-thumbnail","hentry","category-uncategorized"],"_links":{"self":[{"href":"https:\/\/agpnoticias.com\/news\/index.php?rest_route=\/wp\/v2\/posts\/2975369","targetHints":{"allow":["GET"]}}],"collection":[{"href":"https:\/\/agpnoticias.com\/news\/index.php?rest_route=\/wp\/v2\/posts"}],"about":[{"href":"https:\/\/agpnoticias.com\/news\/index.php?rest_route=\/wp\/v2\/types\/post"}],"author":[{"embeddable":true,"href":"https:\/\/agpnoticias.com\/news\/index.php?rest_route=\/wp\/v2\/users\/1"}],"replies":[{"embeddable":true,"href":"https:\/\/agpnoticias.com\/news\/index.php?rest_route=%2Fwp%2Fv2%2Fcomments&post=2975369"}],"version-history":[{"count":1,"href":"https:\/\/agpnoticias.com\/news\/index.php?rest_route=\/wp\/v2\/posts\/2975369\/revisions"}],"predecessor-version":[{"id":2975376,"href":"https:\/\/agpnoticias.com\/news\/index.php?rest_route=\/wp\/v2\/posts\/2975369\/revisions\/2975376"}],"wp:featuredmedia":[{"embeddable":true,"href":"https:\/\/agpnoticias.com\/news\/index.php?rest_route=\/wp\/v2\/media\/2975375"}],"wp:attachment":[{"href":"https:\/\/agpnoticias.com\/news\/index.php?rest_route=%2Fwp%2Fv2%2Fmedia&parent=2975369"}],"wp:term":[{"taxonomy":"category","embeddable":true,"href":"https:\/\/agpnoticias.com\/news\/index.php?rest_route=%2Fwp%2Fv2%2Fcategories&post=2975369"},{"taxonomy":"post_tag","embeddable":true,"href":"https:\/\/agpnoticias.com\/news\/index.php?rest_route=%2Fwp%2Fv2%2Ftags&post=2975369"}],"curies":[{"name":"wp","href":"https:\/\/api.w.org\/{rel}","templated":true}]}}