{"id":2975404,"date":"2024-08-27T20:53:24","date_gmt":"2024-08-28T03:53:24","guid":{"rendered":"https:\/\/agpnoticias.com\/news\/?p=2975404"},"modified":"2024-08-27T20:53:26","modified_gmt":"2024-08-28T03:53:26","slug":"armando-ayala-deja-la-alcaldia-de-ensenada-pero-quien-quedara-a-cargo","status":"publish","type":"post","link":"https:\/\/agpnoticias.com\/news\/?p=2975404","title":{"rendered":"Armando Ayala deja la alcald\u00eda de Ensenada pero \u00bfQui\u00e9n quedar\u00e1 a cargo?"},"content":{"rendered":"\n<p>Ensenada, Baja California.- \u00a0Por unanimidad de votos de los ediles presentes, se aprob\u00f3 la solicitud del presidente Armando Ayala Robles para separarse de su cargo como primer edil del XXIV Ayuntamiento de Ensenada.<br \/>El alcalde precis\u00f3 que la autorizaci\u00f3n de su licencia para la separaci\u00f3n del cargo ser\u00e1 a partir de las 23:59 horas del d\u00eda 27 de agosto del a\u00f1o en curso, por lo que el presidente suplente Carlos Ibarra Aguiar retomar\u00e1 funciones a partir del mi\u00e9rcoles 28 de agosto.<br \/>Armando Ayala manifest\u00f3 sentir gratitud al reflexionar sobre estos a\u00f1os que ha tenido el privilegio de servir a Ensenada, por lo que este d\u00eda no es solo un cierre en su vida p\u00fablica, sino tambi\u00e9n una oportunidad para expresar su m\u00e1s profundo agradecimiento por haberme permitido ser parte de la historia del municipio en un rol tan significativo.<br \/>\u201cQuiero agradecer al pueblo de Ensenada. A ustedes, ciudadanos que confiaron en m\u00ed y en mi equipo para guiarnos durante este periodo. Gracias por su apoyo, por su cr\u00edtica constructiva, por su paciencia, y por su fe en nuestra visi\u00f3n compartida de un Ensenada m\u00e1s fuerte, m\u00e1s unida y m\u00e1s pr\u00f3spera. Desde el primer d\u00eda, mi objetivo fue servirles con integridad, transparencia y compromiso\u201d, enfatiz\u00f3.<br \/>Asever\u00f3 que ser alcalde ha sido el mayor honor de su vida, donde cada d\u00eda se despert\u00f3 con la responsabilidad de liderar a la comunidad, intentado siempre actuar con el nivel de dedicaci\u00f3n que una tarea tan \u201csagrada\u201d merece.<br \/>\u201cEste cargo no es simplemente una posici\u00f3n de poder, sino un compromiso con cada habitante de nuestra ciudad; un compromiso de luchar por el bien com\u00fan, de tomar decisiones dif\u00edciles con el mejor inter\u00e9s de todos en mente, y de nunca perder de vista el bienestar de los m\u00e1s vulnerables\u201d, recalc\u00f3.<br \/>Reconoci\u00f3 que se trabaj\u00f3 arduamente para atraer inversiones, para mejorar la infraestructura de la ciudad, y para hacer de Ensenada un lugar m\u00e1s seguro y acogedor para todos, tarea que no todo fue f\u00e1cil, y no todo fue perfecto, pero cada esfuerzo, cada decisi\u00f3n, fue hecha con el coraz\u00f3n y con el deseo de ver a nuestra ciudad florecer.<br \/>\u201cQuiero expresar mi m\u00e1s sincero agradecimiento a todos los miembros de mi equipo de trabajo. A los servidores p\u00fablicos que d\u00eda tras d\u00eda se dedicaron con pasi\u00f3n y profesionalismo a servir a nuestra comunidad, les agradezco desde lo m\u00e1s profundo de mi ser\u201d, puntualiz\u00f3.<br \/>Armando Ayala reconoci\u00f3 a su cabildo, con quienes a lo largo de estos a\u00f1os, tuvieron debates intensos, enfrentado diferencias de opini\u00f3n, pero siempre con un profundo respeto por nuestras responsabilidades y por el servicio a la ciudadan\u00eda.<br \/>\u201cA mi familia, que ha sido mi roca y mi fuente de fortaleza durante estos a\u00f1os, no tengo palabras suficientes para expresar mi gratitud. Han compartido mis alegr\u00edas y mis preocupaciones, han sido mi refugio en los momentos dif\u00edciles, y han soportado los sacrificios que este cargo ha demandado. A Dania y a mis hijos, gracias por su amor, su comprensi\u00f3n y su paciencia. Todo lo que he logrado ha sido con ustedes en mi coraz\u00f3n y en mi mente\u201d, agradeci\u00f3.<br \/>El primer edil expres\u00f3 a la futura presidenta de Ensenada, as\u00ed como a su cabildo, que el camino que se traza desde esta oficina es uno de enorme responsabilidad, pero tambi\u00e9n de infinitas oportunidades, donde cada decisi\u00f3n que tomen tendr\u00e1 un impacto directo en la vida de nuestros ciudadanos, y es vital que siempre act\u00faen con honestidad, con compasi\u00f3n y con una visi\u00f3n clara de lo que es mejor para Ensenada.<br \/>\u201cNo me despido, porque seguir\u00e9 siendo un ciudadano comprometido con nuestra comunidad, listo para apoyar en lo que sea necesario. Gracias, Ensenada, por darme el honor de ser su alcalde\u201d, manifest\u00f3.<br \/>Por \u00faltimo, las y los regidores presentes, dedicaron unas emotivas palabras al alcalde Armando Ayala, dese\u00e1ndole el mayor de los \u00e9xitos en la encomienda que iniciar\u00e1 a partir del 1 de septiembre como Senador de la Rep\u00fablica.<\/p>\n","protected":false},"excerpt":{"rendered":"","protected":false},"author":1,"featured_media":2975407,"comment_status":"closed","ping_status":"closed","sticky":false,"template":"","format":"standard","meta":{"footnotes":""},"categories":[1],"tags":[],"class_list":["post-2975404","post","type-post","status-publish","format-standard","has-post-thumbnail","hentry","category-uncategorized"],"_links":{"self":[{"href":"https:\/\/agpnoticias.com\/news\/index.php?rest_route=\/wp\/v2\/posts\/2975404","targetHints":{"allow":["GET"]}}],"collection":[{"href":"https:\/\/agpnoticias.com\/news\/index.php?rest_route=\/wp\/v2\/posts"}],"about":[{"href":"https:\/\/agpnoticias.com\/news\/index.php?rest_route=\/wp\/v2\/types\/post"}],"author":[{"embeddable":true,"href":"https:\/\/agpnoticias.com\/news\/index.php?rest_route=\/wp\/v2\/users\/1"}],"replies":[{"embeddable":true,"href":"https:\/\/agpnoticias.com\/news\/index.php?rest_route=%2Fwp%2Fv2%2Fcomments&post=2975404"}],"version-history":[{"count":1,"href":"https:\/\/agpnoticias.com\/news\/index.php?rest_route=\/wp\/v2\/posts\/2975404\/revisions"}],"predecessor-version":[{"id":2975408,"href":"https:\/\/agpnoticias.com\/news\/index.php?rest_route=\/wp\/v2\/posts\/2975404\/revisions\/2975408"}],"wp:featuredmedia":[{"embeddable":true,"href":"https:\/\/agpnoticias.com\/news\/index.php?rest_route=\/wp\/v2\/media\/2975407"}],"wp:attachment":[{"href":"https:\/\/agpnoticias.com\/news\/index.php?rest_route=%2Fwp%2Fv2%2Fmedia&parent=2975404"}],"wp:term":[{"taxonomy":"category","embeddable":true,"href":"https:\/\/agpnoticias.com\/news\/index.php?rest_route=%2Fwp%2Fv2%2Fcategories&post=2975404"},{"taxonomy":"post_tag","embeddable":true,"href":"https:\/\/agpnoticias.com\/news\/index.php?rest_route=%2Fwp%2Fv2%2Ftags&post=2975404"}],"curies":[{"name":"wp","href":"https:\/\/api.w.org\/{rel}","templated":true}]}}