{"id":2975413,"date":"2024-08-27T21:07:58","date_gmt":"2024-08-28T04:07:58","guid":{"rendered":"https:\/\/agpnoticias.com\/news\/?p=2975413"},"modified":"2024-08-27T21:11:07","modified_gmt":"2024-08-28T04:11:07","slug":"se-desplomo-en-pleno-partido-y-hoy-fallecio-el-futbolista-uruguayo-juan-izquierdo","status":"publish","type":"post","link":"https:\/\/agpnoticias.com\/news\/?p=2975413","title":{"rendered":"Se desplom\u00f3 en pleno partido y hoy falleci\u00f3 el futbolista uruguayo Juan Izquierdo"},"content":{"rendered":"\n<p>Sao Paulo, Brasil.- El futbolista uruguayo Juan Izquierdo muri\u00f3 el martes en un hospital de Brasil cinco d\u00edas despu\u00e9s de desmayarse durante un partido en Sao Paulo. Ten\u00eda 27 a\u00f1os.<\/p>\n<p>El Hospital Albert Einstein de Sao Paulo inform\u00f3 en un comunicado que el defensa de Nacional falleci\u00f3 a las 21:38 hora local tras un \u201cparo cardiorrespiratorio asociado a su arritmia card\u00edaca\u201d.<\/p>\n<p>Izquierdo fue llevado al hospital despu\u00e9s de colapsar poco antes del final del partido de la Copa Libertadores en el Estadio Morumbi de Sao Paulo el jueves pasado.<\/p>\n<p>El club uruguayo public\u00f3 un comunicado en las redes sociales diciendo que la muerte de Izquierdo se siente \u201ccon profundo dolor e impacto en nuestros corazones\u201d y \u201ctodo Nacional est\u00e1 de luto por su irreparable p\u00e9rdida\u201d.<\/p>\n<p>El organismo rector del f\u00fatbol sudamericano tambi\u00e9n public\u00f3 un homenaje . El presidente de la CONMEBOL, Alejandro Dom\u00ednguez, dijo que est\u00e1 \u00abprofundamente apenado por la salida anticipada de Juan Izquierdo\u00bb.<\/p>\n<p>\u201cEl f\u00fatbol sudamericano est\u00e1 de luto\u201d, afirm\u00f3. Otras federaciones, entre ellas Uruguay, Brasil y Argentina, tambi\u00e9n expresaron sus condolencias.<\/p>\n<p>En un comunicado emitido el lunes, los m\u00e9dicos del hospital dijeron que Izquierdo fue puesto en cuidados intensivos neurol\u00f3gicos debido al aumento de la presi\u00f3n intracraneal. Hab\u00eda estado conectado a un respirador desde el domingo.<\/p>\n<p>Los medios uruguayos informaron que los padres de Izquierdo y directivos de Nacional se encontraban en el hospital de Sao Paulo. Izquierdo estaba casado y ten\u00eda dos hijos; el m\u00e1s peque\u00f1o, un ni\u00f1o, naci\u00f3 a principios de agosto.<\/p>\n<p>Las ligas de f\u00fatbol de primera y segunda divisi\u00f3n de Uruguay fueron pospuestas el fin de semana pasado debido a preocupaciones sobre la salud de Izquierdo. Los jugadores del Sao Paulo usaron una camiseta en apoyo al futbolista uruguayo antes de la victoria del equipo por 2-1 en la liga brasile\u00f1a contra el Vitoria el domingo.<\/p>\n<p>El club brasile\u00f1o tambi\u00e9n public\u00f3 un mensaje tras la muerte de Izquierdo.<\/p>\n<p>\u201cTuvimos d\u00edas de oraci\u00f3n, uni\u00f3n y esperanza, y hoy nos encontramos con profunda tristeza con la noticia del fallecimiento de Juan Izquierdo\u201d, indic\u00f3 el comunicado del club Sao Paulo. \u201cNuestras condolencias a familiares, amigos, compa\u00f1eros, hinchas de Nacional y todo el pueblo uruguayo en este momento de dolor\u201d.<\/p>\n<p>La carrera profesional de Izquierdo comenz\u00f3 en 2018 en el club local Cerro. Se uni\u00f3 a Pe\u00f1arol al a\u00f1o siguiente, pero no tuvo mucho tiempo de juego.<\/p>\n<p>\u201cPe\u00f1arol lamenta profundamente el fallecimiento de Juan Manuel Izquierdo. Expresamos nuestras m\u00e1s sentidas condolencias y abrazamos a su familia, a sus amigos y a Nacional en este momento de tanto dolor\u201d, expres\u00f3 Pe\u00f1arol en sus redes sociales.<\/p>\n<p>Tras dejar Pe\u00f1arol, Izquierdo pas\u00f3 a Montevideo Wanderers.<\/p>\n<p>Su forma atl\u00e9tica y sus buenas entradas llamaron la atenci\u00f3n del San Luis de M\u00e9xico en 2021, pero r\u00e1pidamente regres\u00f3 a Montevideo Wanderers. Izquierdo fue fichado por Nacional en 2022, jug\u00f3 un partido y luego fue transferido al club local Liverpool.<\/p>\n<p>El defensor fue uno de los mejores jugadores del Liverpool en la campa\u00f1a que llev\u00f3 al equipo a ganar el t\u00edtulo de la liga uruguaya en 2023, el primero del club en m\u00e1s de un siglo.<\/p>\n<p>Izquierdo regres\u00f3 a Nacional este a\u00f1o y compet\u00eda por un puesto en el once inicial con el veterano Sebasti\u00e1n Coates, quien jug\u00f3 para la selecci\u00f3n absoluta de Uruguay. Este a\u00f1o jug\u00f3 23 partidos y marc\u00f3 un gol.<\/p>\n<p><em>Informaci\u00f3n: AP.<\/em><\/p>\n","protected":false},"excerpt":{"rendered":"","protected":false},"author":1,"featured_media":2975414,"comment_status":"closed","ping_status":"closed","sticky":false,"template":"","format":"standard","meta":{"footnotes":""},"categories":[32,1144,1151],"tags":[907],"class_list":["post-2975413","post","type-post","status-publish","format-standard","has-post-thumbnail","hentry","category-soccer","category-futbol-internacional","category-portada","tag-tendencia"],"_links":{"self":[{"href":"https:\/\/agpnoticias.com\/news\/index.php?rest_route=\/wp\/v2\/posts\/2975413","targetHints":{"allow":["GET"]}}],"collection":[{"href":"https:\/\/agpnoticias.com\/news\/index.php?rest_route=\/wp\/v2\/posts"}],"about":[{"href":"https:\/\/agpnoticias.com\/news\/index.php?rest_route=\/wp\/v2\/types\/post"}],"author":[{"embeddable":true,"href":"https:\/\/agpnoticias.com\/news\/index.php?rest_route=\/wp\/v2\/users\/1"}],"replies":[{"embeddable":true,"href":"https:\/\/agpnoticias.com\/news\/index.php?rest_route=%2Fwp%2Fv2%2Fcomments&post=2975413"}],"version-history":[{"count":1,"href":"https:\/\/agpnoticias.com\/news\/index.php?rest_route=\/wp\/v2\/posts\/2975413\/revisions"}],"predecessor-version":[{"id":2975415,"href":"https:\/\/agpnoticias.com\/news\/index.php?rest_route=\/wp\/v2\/posts\/2975413\/revisions\/2975415"}],"wp:featuredmedia":[{"embeddable":true,"href":"https:\/\/agpnoticias.com\/news\/index.php?rest_route=\/wp\/v2\/media\/2975414"}],"wp:attachment":[{"href":"https:\/\/agpnoticias.com\/news\/index.php?rest_route=%2Fwp%2Fv2%2Fmedia&parent=2975413"}],"wp:term":[{"taxonomy":"category","embeddable":true,"href":"https:\/\/agpnoticias.com\/news\/index.php?rest_route=%2Fwp%2Fv2%2Fcategories&post=2975413"},{"taxonomy":"post_tag","embeddable":true,"href":"https:\/\/agpnoticias.com\/news\/index.php?rest_route=%2Fwp%2Fv2%2Ftags&post=2975413"}],"curies":[{"name":"wp","href":"https:\/\/api.w.org\/{rel}","templated":true}]}}