{"id":2975476,"date":"2024-08-29T07:25:51","date_gmt":"2024-08-29T14:25:51","guid":{"rendered":"https:\/\/agpnoticias.com\/news\/?p=2975476"},"modified":"2024-08-29T07:25:53","modified_gmt":"2024-08-29T14:25:53","slug":"javier-acosta-una-roncha-empezo-a-comerselo-y-tuvo-que-aplicarse-la-eutanasia-nos-veremos-en-el-cielo","status":"publish","type":"post","link":"https:\/\/agpnoticias.com\/news\/?p=2975476","title":{"rendered":"Javier Acosta: una \u201croncha\u201d empez\u00f3 a com\u00e9rselo y tuvo que aplicarse la eutanasia; \u00abnos veremos en el cielo\u00bb"},"content":{"rendered":"\n<p data-t=\"{&quot;n&quot;:&quot;blueLinks&quot;}\">Bogot\u00e1, Colombia.- Javier Acosta\u00a0era un joven de\u00a0Bogot\u00e1,\u00a0Colombia, que comenz\u00f3 a tener\u00a0problemas\u00a0con su\u00a0piel\u00a0ya que hab\u00eda ido a un paseo familiar en el que estuvo en contacto con una\u00a0alberca\u00a0donde se\u00a0contagi\u00f3\u00a0de una\u00a0bacteria\u00a0que inici\u00f3 como una roncha en su gl\u00fateo derecho.<\/p>\n<p data-t=\"{&quot;n&quot;:&quot;blueLinks&quot;}\">Aquella roncha fue expandi\u00e9ndose de manera paulatina y a medida que crec\u00eda por todo el cuerpo de Javier, el\u00a0dolor\u00a0era proporcional lo que generaba un gran\u00a0sufrimiento al joven bogotano que era un fan\u00e1tico del futbol, particularmente de la escuadra de Boca Juniors, lo que lo hizo tomar la decisi\u00f3n de aplicar la eutanasia.<\/p>\n<div class=\"image-align-center\">\n<div class=\"article-image-slot image-slot-placeholder\" data-doc-id=\"cms\/api\/amp\/image\/AA1pAdIe\">\n<div class=\"article-image-slot\">\n<div class=\"article-image-container\" data-t=\"{&quot;n&quot;:&quot;OpenModal&quot;,&quot;t&quot;:13,&quot;b&quot;:8,&quot;c.i&quot;:&quot;AA1pAfBH&quot;,&quot;c.l&quot;:false,&quot;c.t&quot;:13,&quot;c.v&quot;:&quot;health&quot;,&quot;c.c&quot;:&quot;health-news&quot;,&quot;c.b&quot;:&quot;El Heraldo de M\u00e9xico&quot;,&quot;c.bi&quot;:&quot;BB1pDGkd&quot;,&quot;c.hl&quot;:&quot;Javier Acosta: una \u201croncha\u201d empez\u00f3 a com\u00e9rselo y tuvo que aplicarse la eutanasia; \\&quot;nos veremos en el cielo\\&quot;&quot;}\" data-test-id=\"AA1pAdIe\">\n<div class=\"article-image-height-wrapper expandable article-image-height-wrapper-new\" tabindex=\"0\" data-customhandled=\"true\" data-t=\"{&quot;n&quot;:&quot;destination&quot;,&quot;b&quot;:1,&quot;c.i&quot;:&quot;AA1pAfBH&quot;,&quot;c.l&quot;:false,&quot;c.t&quot;:13,&quot;c.v&quot;:&quot;health&quot;,&quot;c.c&quot;:&quot;health-news&quot;,&quot;c.b&quot;:&quot;El Heraldo de M\u00e9xico&quot;,&quot;c.bi&quot;:&quot;BB1pDGkd&quot;,&quot;c.hl&quot;:&quot;Javier Acosta: una \u201croncha\u201d empez\u00f3 a com\u00e9rselo y tuvo que aplicarse la eutanasia; \\&quot;nos veremos en el cielo\\&quot;&quot;}\">\n<div>\u00a0<\/div>\n<img decoding=\"async\" class=\"article-image article-image-ux-impr article-image-new expandable aligncenter\" title=\"Javier Acosta hizo un live en las redes sociales. Foto: Captura de pantalla\" src=\"https:\/\/img-s-msn-com.akamaized.net\/tenant\/amp\/entityid\/AA1pAdIe.img?w=768&amp;h=1211&amp;m=6&amp;x=425&amp;y=370&amp;s=196&amp;d=196\" alt=\"Javier Acosta hizo un live en las redes sociales. Foto: Captura de pantalla\" \/><\/div>\n<h5 class=\"image-caption-container image-caption-container-ux-impr articlewc-image-caption-container \" style=\"text-align: center;\"><span class=\"image-caption\">Javier Acosta hizo un live en las redes sociales. Foto: Captura de pantalla<\/span><\/h5>\n<\/div>\n<\/div>\n<\/div>\n<\/div>\n<h2 class=\"article-sub-heading\">\u00bfQui\u00e9n era Javier Acosta?<\/h2>\n<p data-t=\"{&quot;n&quot;:&quot;blueLinks&quot;}\">La\u00a0<strong>eutanasia<\/strong>\u00a0es parte del derecho humano para que la persona que lo solicita tenga una\u00a0<strong>muerte digna\u00a0<\/strong>ante complicaciones de salud, que en el caso del joven bogotano la dolorosa traves\u00eda para atenderse la bacteria come carne fue en extremo dolorosa, por lo que comparti\u00f3 en las redes sociales su experiencia y su decisi\u00f3n para aplicarse la medida.<\/p>\n<p data-t=\"{&quot;n&quot;:&quot;blueLinks&quot;}\">Javier Acosta era un fan\u00e1tico del f\u00fatbol y siempre se manten\u00eda activo; sin embargo un fuerte\u00a0<strong>accidente automovil\u00edstico<\/strong>\u00a0le dej\u00f3 graves secuelas y lo postr\u00f3 en una\u00a0<strong>silla de ruedas\u00a0<\/strong>desde hace varios a\u00f1os, pero eso no le imped\u00eda llevar a cabo su vida de manera normal.<\/p>\n<p>Pero cuando disfrutaba de las vacaciones con su familia hace cinco a\u00f1os, el joven contrajo la\u00a0<strong>bacteria<\/strong>\u00a0que<strong>\u00a0carcom\u00eda su piel<\/strong>, adem\u00e1s del tejido y hueso. Pasaron cinco d\u00edas desde que se meti\u00f3 a la piscina cuando empez\u00f3 a ver la roncha que poco a poco se convirti\u00f3 en una llaga que crec\u00eda en su cuerpo, cont\u00f3 en las redes sociales.<\/p>\n<div class=\"image-align-center\">\n<div class=\"article-image-slot image-slot-placeholder\" data-doc-id=\"cms\/api\/amp\/image\/AA1pAian\">\n<div class=\"article-image-slot\">\n<div class=\"article-image-container\" data-t=\"{&quot;n&quot;:&quot;OpenModal&quot;,&quot;t&quot;:13,&quot;b&quot;:8,&quot;c.i&quot;:&quot;AA1pAfBH&quot;,&quot;c.l&quot;:false,&quot;c.t&quot;:13,&quot;c.v&quot;:&quot;health&quot;,&quot;c.c&quot;:&quot;health-news&quot;,&quot;c.b&quot;:&quot;El Heraldo de M\u00e9xico&quot;,&quot;c.bi&quot;:&quot;BB1pDGkd&quot;,&quot;c.hl&quot;:&quot;Javier Acosta: una \u201croncha\u201d empez\u00f3 a com\u00e9rselo y tuvo que aplicarse la eutanasia; \\&quot;nos veremos en el cielo\\&quot;&quot;}\" data-test-id=\"AA1pAian\">\n<div class=\"article-image-height-wrapper expandable article-image-height-wrapper-new\" tabindex=\"0\" data-customhandled=\"true\" data-t=\"{&quot;n&quot;:&quot;destination&quot;,&quot;b&quot;:1,&quot;c.i&quot;:&quot;AA1pAfBH&quot;,&quot;c.l&quot;:false,&quot;c.t&quot;:13,&quot;c.v&quot;:&quot;health&quot;,&quot;c.c&quot;:&quot;health-news&quot;,&quot;c.b&quot;:&quot;El Heraldo de M\u00e9xico&quot;,&quot;c.bi&quot;:&quot;BB1pDGkd&quot;,&quot;c.hl&quot;:&quot;Javier Acosta: una \u201croncha\u201d empez\u00f3 a com\u00e9rselo y tuvo que aplicarse la eutanasia; \\&quot;nos veremos en el cielo\\&quot;&quot;}\">\n<div>\u00a0<\/div>\n<img decoding=\"async\" class=\"article-image article-image-ux-impr article-image-new expandable\" title=\"Javier Acosta relat\u00f3 el sufrimiento que le dej\u00f3 la bacteria. Foto: Captura de pantalla\" src=\"https:\/\/img-s-msn-com.akamaized.net\/tenant\/amp\/entityid\/AA1pAian.img?w=768&amp;h=1217&amp;m=6&amp;x=316&amp;y=328&amp;s=321&amp;d=321\" alt=\"Javier Acosta relat\u00f3 el sufrimiento que le dej\u00f3 la bacteria. Foto: Captura de pantalla\" \/><\/div>\n<div class=\"image-caption-container image-caption-container-ux-impr articlewc-image-caption-container \"><span class=\"image-caption\">Javier Acosta relat\u00f3 el sufrimiento que le dej\u00f3 la bacteria. Foto: Captura de pantalla<\/span><\/div>\n<\/div>\n<\/div>\n<\/div>\n<\/div>\n<h2 class=\"article-sub-heading\">\u00bfCu\u00e1l fue el diagn\u00f3stico de Javier que lo hizo pedir la eutanasia?<\/h2>\n<p>Desde entonces Javier pas\u00f3 m\u00e1s tiempo en el hospital que en su propia casa por el tratamiento al que era sometido para que le retiraran la bacteria de su cuerpo que lo devoraba vivo. Aunque en un momento parec\u00eda que por fin se librar\u00eda del contagio, se complic\u00f3, dijo en su live.<\/p>\n<p>Aunque los galenos pensaron que el problema de Javier era una fuerte infecci\u00f3n urinaria, finalmente le dieron un devastador diagn\u00f3stico al asegurar que se trataba de c\u00e1ncer en la sangre, dijo Acosta, lo que hizo que decidiera aplicarse la eutanasia como un \u00faltimo acto de control que ten\u00eda de su vida.. El relato qued\u00f3 documentado en video donde el joven bogotano se despidi\u00f3 de sus seres queridos y agradeci\u00f3 las muestras de apoyo que recibi\u00f3 por parte de sus personas cercanas durante los \u00faltimos cinco a\u00f1os en los que trat\u00f3 de combatir a la mortal bacteria que contrajo por meterse a una piscina.<\/p>\n<p>\u00a0<\/p>\n\n\n\n<figure class=\"wp-block-video\"><video height=\"640\" style=\"aspect-ratio: 360 \/ 640;\" width=\"360\" controls src=\"https:\/\/agpnoticias.com\/news\/wp-content\/uploads\/2024\/08\/JAVIER-ACOSTA-AFICIOONADO-AL-BOCA-JUNIORS.mp4\"><\/video><\/figure>\n","protected":false},"excerpt":{"rendered":"","protected":false},"author":1,"featured_media":2975478,"comment_status":"closed","ping_status":"closed","sticky":false,"template":"","format":"standard","meta":{"footnotes":""},"categories":[1,1152],"tags":[],"class_list":["post-2975476","post","type-post","status-publish","format-standard","has-post-thumbnail","hentry","category-uncategorized","category-editor-seleccion"],"_links":{"self":[{"href":"https:\/\/agpnoticias.com\/news\/index.php?rest_route=\/wp\/v2\/posts\/2975476","targetHints":{"allow":["GET"]}}],"collection":[{"href":"https:\/\/agpnoticias.com\/news\/index.php?rest_route=\/wp\/v2\/posts"}],"about":[{"href":"https:\/\/agpnoticias.com\/news\/index.php?rest_route=\/wp\/v2\/types\/post"}],"author":[{"embeddable":true,"href":"https:\/\/agpnoticias.com\/news\/index.php?rest_route=\/wp\/v2\/users\/1"}],"replies":[{"embeddable":true,"href":"https:\/\/agpnoticias.com\/news\/index.php?rest_route=%2Fwp%2Fv2%2Fcomments&post=2975476"}],"version-history":[{"count":1,"href":"https:\/\/agpnoticias.com\/news\/index.php?rest_route=\/wp\/v2\/posts\/2975476\/revisions"}],"predecessor-version":[{"id":2975479,"href":"https:\/\/agpnoticias.com\/news\/index.php?rest_route=\/wp\/v2\/posts\/2975476\/revisions\/2975479"}],"wp:featuredmedia":[{"embeddable":true,"href":"https:\/\/agpnoticias.com\/news\/index.php?rest_route=\/wp\/v2\/media\/2975478"}],"wp:attachment":[{"href":"https:\/\/agpnoticias.com\/news\/index.php?rest_route=%2Fwp%2Fv2%2Fmedia&parent=2975476"}],"wp:term":[{"taxonomy":"category","embeddable":true,"href":"https:\/\/agpnoticias.com\/news\/index.php?rest_route=%2Fwp%2Fv2%2Fcategories&post=2975476"},{"taxonomy":"post_tag","embeddable":true,"href":"https:\/\/agpnoticias.com\/news\/index.php?rest_route=%2Fwp%2Fv2%2Ftags&post=2975476"}],"curies":[{"name":"wp","href":"https:\/\/api.w.org\/{rel}","templated":true}]}}