{"id":2975481,"date":"2024-08-29T07:39:50","date_gmt":"2024-08-29T14:39:50","guid":{"rendered":"https:\/\/agpnoticias.com\/news\/?p=2975481"},"modified":"2024-08-29T07:43:55","modified_gmt":"2024-08-29T14:43:55","slug":"el-chucky-lozano-hizo-berrinche-en-un-avion-y-fue-vetado-de-la-seleccion-mexicana","status":"publish","type":"post","link":"https:\/\/agpnoticias.com\/news\/?p=2975481","title":{"rendered":"El \u00abChucky\u00bb Lozano hizo berrinche en un avi\u00f3n y fue vetado de la Selecci\u00f3n Mexicana"},"content":{"rendered":"\n<p data-t=\"{&quot;n&quot;:&quot;blueLinks&quot;}\">Ciudad de M\u00e9xico.- Javier \u2018Vasco\u2019 Aguirre\u00a0se encuentra pr\u00f3ximo a revelar su primera convocatoria como nuevo t\u00e9cnico de la\u00a0Selecci\u00f3n Mexicana, aunque se especula que no estar\u00e1\u00a0Hirving \u2018Chucky\u2019 Lozano\u00a0por un berrinche.<\/p>\n<p data-t=\"{&quot;n&quot;:&quot;blueLinks&quot;}\">Se rumoraba que Aguirre regresar\u00eda a experimentados, pero quien est\u00e1 descartado es el\u00a0<b>Chucky Lozano.<\/b><\/p>\n<div class=\"intra-article-module\" data-t=\"{&quot;n&quot;:&quot;intraArticle&quot;,&quot;t&quot;:13}\">\n<div class=\"articlePageIntraArticleFullWidth ad-slot-placeholder left-image-intra-ad\" data-ad-index=\"0\">\n<div class=\"intra-article-ad-full left-image-intra-ad\">\n<div class=\"left-image-intra-ad\">\n<div class=\"content\">\n<p id=\"media-overlay\" class=\"media-overlay\"><span style=\"color: initial; font-family: -apple-system, BlinkMacSystemFont, 'Segoe UI', Roboto, Oxygen-Sans, Ubuntu, Cantarell, 'Helvetica Neue', sans-serif; font-size: revert;\">Al parecer el actual jugador del<\/span><b style=\"color: initial; font-family: -apple-system, BlinkMacSystemFont, 'Segoe UI', Roboto, Oxygen-Sans, Ubuntu, Cantarell, 'Helvetica Neue', sans-serif; font-size: revert;\">\u00a0PSV<\/b><span style=\"color: initial; font-family: -apple-system, BlinkMacSystemFont, 'Segoe UI', Roboto, Oxygen-Sans, Ubuntu, Cantarell, 'Helvetica Neue', sans-serif; font-size: revert;\">\u00a0tiene un veto por parte de la<\/span><b style=\"color: initial; font-family: -apple-system, BlinkMacSystemFont, 'Segoe UI', Roboto, Oxygen-Sans, Ubuntu, Cantarell, 'Helvetica Neue', sans-serif; font-size: revert;\">\u00a0Federaci\u00f3n Mexicana de Futbol\u00a0<\/b><span style=\"color: initial; font-family: -apple-system, BlinkMacSystemFont, 'Segoe UI', Roboto, Oxygen-Sans, Ubuntu, Cantarell, 'Helvetica Neue', sans-serif; font-size: revert;\">por un berrinche en la concentraci\u00f3n del Tricolor.<\/span><\/p>\n<\/div>\n<\/div>\n<\/div>\n<\/div>\n<\/div>\n<p class=\"continue-read-break\" data-t=\"{&quot;n&quot;:&quot;blueLinks&quot;}\">\u201cPrevio a la \u00faltima concentraci\u00f3n antes de Copa Am\u00e9rica, Santiago Gim\u00e9nez y Lozano viajaron juntos. Perdieron la conexi\u00f3n porque se retras\u00f3 el vuelo. La Federaci\u00f3n ya no alcanz\u00f3 a sacar dos boletos en primera fila, en premier, se fue Santiago y a Chucky lo mandaron en turista\u201d, revel\u00f3<b>\u00a0Fernando Cevallos\u00a0<\/b>en Fox Sports.<\/p>\n<p data-t=\"{&quot;n&quot;:&quot;blueLinks&quot;}\">Lozano no se qued\u00f3 callado por esta situaci\u00f3n y manifest\u00f3 su malestar a la Federaci\u00f3n, misma que consider\u00f3 ya no llamarlo.<\/p>\n<p data-t=\"{&quot;n&quot;:&quot;blueLinks&quot;}\">\u201cChucky reclam\u00f3, estaba muy molesto porque le hab\u00eda tocado viajar en turista y desde ah\u00ed se lleg\u00f3 a la determinaci\u00f3n de que Lozano no iba a venir convocado por las quejas\u201d, cont\u00f3 el propio conductor.<\/p>\n<div class=\"article-image-slot image-slot-placeholder\" data-doc-id=\"cms\/api\/amp\/image\/AA1pBcds\">\n<div class=\"article-image-slot\">\n<div class=\"article-image-container\" data-t=\"{&quot;n&quot;:&quot;OpenModal&quot;,&quot;t&quot;:13,&quot;b&quot;:8,&quot;c.i&quot;:&quot;AA1pBodh&quot;,&quot;c.l&quot;:false,&quot;c.t&quot;:13,&quot;c.v&quot;:&quot;sports&quot;,&quot;c.c&quot;:&quot;soccer&quot;,&quot;c.b&quot;:&quot;El Universal Online&quot;,&quot;c.bi&quot;:&quot;AAMT92V&quot;,&quot;c.hl&quot;:&quot;El \u2018Chucky\u2019 Lozano hizo berrinche en un avi\u00f3n y fue vetado de la Selecci\u00f3n Mexicana&quot;}\" data-test-id=\"AA1pBcds\">\n<div class=\"article-image-height-wrapper expandable article-image-height-wrapper-new\" tabindex=\"0\" data-customhandled=\"true\" data-t=\"{&quot;n&quot;:&quot;destination&quot;,&quot;b&quot;:1,&quot;c.i&quot;:&quot;AA1pBodh&quot;,&quot;c.l&quot;:false,&quot;c.t&quot;:13,&quot;c.v&quot;:&quot;sports&quot;,&quot;c.c&quot;:&quot;soccer&quot;,&quot;c.b&quot;:&quot;El Universal Online&quot;,&quot;c.bi&quot;:&quot;AAMT92V&quot;,&quot;c.hl&quot;:&quot;El \u2018Chucky\u2019 Lozano hizo berrinche en un avi\u00f3n y fue vetado de la Selecci\u00f3n Mexicana&quot;}\">\n<div>\u00a0<\/div>\n<img decoding=\"async\" class=\"article-image article-image-ux-impr article-image-new expandable aligncenter\" title=\"Chucky Lozano pudo quedar paral\u00edtico y sin ojo por una lesi\u00f3n en la Copa Oro FOTO:IMAGO7\" src=\"https:\/\/img-s-msn-com.akamaized.net\/tenant\/amp\/entityid\/AA1pBcds.img?w=768&amp;h=473&amp;m=6&amp;x=507&amp;y=185&amp;s=235&amp;d=235\" alt=\"Chucky Lozano pudo quedar paral\u00edtico y sin ojo por una lesi\u00f3n en la Copa Oro FOTO:IMAGO7\" \/><\/div>\n<div class=\"image-caption-container image-caption-container-ux-impr articlewc-image-caption-container \" style=\"text-align: center;\"><span class=\"image-caption\">Chucky Lozano pudo quedar paral\u00edtico y sin ojo por una lesi\u00f3n en la Copa Oro FOTO:IMAGO7<\/span><\/div>\n<\/div>\n<\/div>\n<\/div>\n<p>\u00a0<\/p>\n<h2 class=\"article-sub-heading\">\u00bfCu\u00e1ndo vuelve a jugar la Selecci\u00f3n Mexicana?<\/h2>\n<p data-t=\"{&quot;n&quot;:&quot;blueLinks&quot;}\">La Selecci\u00f3n Mexicana tiene dos compromisos agendados en las siguientes semanas.<\/p>\n<div class=\"article-list-slot\">\n<ul>\n<li data-t=\"{&quot;n&quot;:&quot;blueLinks&quot;}\">S\u00e1bado 7 de septiembre<\/li>\n<li data-t=\"{&quot;n&quot;:&quot;blueLinks&quot;}\"><b>M\u00e9xico vs Nueva Zelanda<\/b><\/li>\n<li data-t=\"{&quot;n&quot;:&quot;blueLinks&quot;}\">19:00 horas<\/li>\n<li data-t=\"{&quot;n&quot;:&quot;blueLinks&quot;}\">Estadio Rose Bowl<\/li>\n<\/ul>\n<p>\u00a0<\/p>\n<ul>\n<li data-t=\"{&quot;n&quot;:&quot;blueLinks&quot;}\">Martes 10 de septiembre<\/li>\n<li data-t=\"{&quot;n&quot;:&quot;blueLinks&quot;}\"><b style=\"font-size: revert; color: initial; font-family: -apple-system, BlinkMacSystemFont, 'Segoe UI', Roboto, Oxygen-Sans, Ubuntu, Cantarell, 'Helvetica Neue', sans-serif;\">M\u00e9xico vs Canad<\/b><\/li>\n<li data-t=\"{&quot;n&quot;:&quot;blueLinks&quot;}\">18:30 hora<\/li>\n<li data-t=\"{&quot;n&quot;:&quot;blueLinks&quot;}\">AT&amp;T Stadium<\/li>\n<\/ul>\n<\/div>\n","protected":false},"excerpt":{"rendered":"","protected":false},"author":1,"featured_media":2975482,"comment_status":"closed","ping_status":"closed","sticky":false,"template":"","format":"standard","meta":{"footnotes":""},"categories":[32,1151],"tags":[],"class_list":["post-2975481","post","type-post","status-publish","format-standard","has-post-thumbnail","hentry","category-soccer","category-portada"],"_links":{"self":[{"href":"https:\/\/agpnoticias.com\/news\/index.php?rest_route=\/wp\/v2\/posts\/2975481","targetHints":{"allow":["GET"]}}],"collection":[{"href":"https:\/\/agpnoticias.com\/news\/index.php?rest_route=\/wp\/v2\/posts"}],"about":[{"href":"https:\/\/agpnoticias.com\/news\/index.php?rest_route=\/wp\/v2\/types\/post"}],"author":[{"embeddable":true,"href":"https:\/\/agpnoticias.com\/news\/index.php?rest_route=\/wp\/v2\/users\/1"}],"replies":[{"embeddable":true,"href":"https:\/\/agpnoticias.com\/news\/index.php?rest_route=%2Fwp%2Fv2%2Fcomments&post=2975481"}],"version-history":[{"count":2,"href":"https:\/\/agpnoticias.com\/news\/index.php?rest_route=\/wp\/v2\/posts\/2975481\/revisions"}],"predecessor-version":[{"id":2975485,"href":"https:\/\/agpnoticias.com\/news\/index.php?rest_route=\/wp\/v2\/posts\/2975481\/revisions\/2975485"}],"wp:featuredmedia":[{"embeddable":true,"href":"https:\/\/agpnoticias.com\/news\/index.php?rest_route=\/wp\/v2\/media\/2975482"}],"wp:attachment":[{"href":"https:\/\/agpnoticias.com\/news\/index.php?rest_route=%2Fwp%2Fv2%2Fmedia&parent=2975481"}],"wp:term":[{"taxonomy":"category","embeddable":true,"href":"https:\/\/agpnoticias.com\/news\/index.php?rest_route=%2Fwp%2Fv2%2Fcategories&post=2975481"},{"taxonomy":"post_tag","embeddable":true,"href":"https:\/\/agpnoticias.com\/news\/index.php?rest_route=%2Fwp%2Fv2%2Ftags&post=2975481"}],"curies":[{"name":"wp","href":"https:\/\/api.w.org\/{rel}","templated":true}]}}